{"id":3886,"date":"2014-04-07T02:00:00","date_gmt":"2014-04-07T00:00:00","guid":{"rendered":"http:\/\/www.musicadeon.com\/index.php\/2014\/04\/07\/a-vos-agendas-06-12-2015\/"},"modified":"2014-04-07T02:00:00","modified_gmt":"2014-04-07T00:00:00","slug":"a-vos-agendas-06-12-2015","status":"publish","type":"post","link":"https:\/\/www.musicadeon.com\/index.php\/2014\/04\/07\/a-vos-agendas-06-12-2015\/","title":{"rendered":"\u00c0 vos agendas (06-12-2015)"},"content":{"rendered":"<p>Le dimanche 6 d\u00e9cembre 2015 \u00e0 15h00 en la (Salle Communale) \u00e0 Maissin (Paliseul) (Belgique) retrouvez l&rsquo;incomparable princesse de l&rsquo;accord\u00e9on <a href=\"http:\/\/www.erika.be\" target=\"_blank\" rel=\"noopener noreferrer\">Erika<\/a> &#038; Jean-Marie pour un th\u00e9 dansant Info: 0032(0)475.205.804<\/p>\n","protected":false},"excerpt":{"rendered":"<p>Le dimanche 6 d\u00e9cembre 2015 \u00e0 15h00 en la (Salle Communale) \u00e0 Maissin (Paliseul) (Belgique) retrouvez l&rsquo;incomparable princesse de l&rsquo;accord\u00e9on Erika &#038; Jean-Marie pour un&#8230;<\/p>\n","protected":false},"author":1,"featured_media":0,"comment_status":"closed","ping_status":"open","sticky":false,"template":"","format":"standard","meta":[],"categories":[1],"tags":[],"_links":{"self":[{"href":"https:\/\/www.musicadeon.com\/index.php\/wp-json\/wp\/v2\/posts\/3886"}],"collection":[{"href":"https:\/\/www.musicadeon.com\/index.php\/wp-json\/wp\/v2\/posts"}],"about":[{"href":"https:\/\/www.musicadeon.com\/index.php\/wp-json\/wp\/v2\/types\/post"}],"author":[{"embeddable":true,"href":"https:\/\/www.musicadeon.com\/index.php\/wp-json\/wp\/v2\/users\/1"}],"replies":[{"embeddable":true,"href":"https:\/\/www.musicadeon.com\/index.php\/wp-json\/wp\/v2\/comments?post=3886"}],"version-history":[{"count":0,"href":"https:\/\/www.musicadeon.com\/index.php\/wp-json\/wp\/v2\/posts\/3886\/revisions"}],"wp:attachment":[{"href":"https:\/\/www.musicadeon.com\/index.php\/wp-json\/wp\/v2\/media?parent=3886"}],"wp:term":[{"taxonomy":"category","embeddable":true,"href":"https:\/\/www.musicadeon.com\/index.php\/wp-json\/wp\/v2\/categories?post=3886"},{"taxonomy":"post_tag","embeddable":true,"href":"https:\/\/www.musicadeon.com\/index.php\/wp-json\/wp\/v2\/tags?post=3886"}],"curies":[{"name":"wp","href":"https:\/\/api.w.org\/{rel}","templated":true}]}}