{"id":3898,"date":"2014-07-03T02:00:00","date_gmt":"2014-07-03T00:00:00","guid":{"rendered":"http:\/\/www.musicadeon.com\/index.php\/2014\/07\/03\/la-vitesse-du-temps-ou-le-temps-dune-vie\/"},"modified":"2014-07-03T02:00:00","modified_gmt":"2014-07-03T00:00:00","slug":"la-vitesse-du-temps-ou-le-temps-dune-vie","status":"publish","type":"post","link":"https:\/\/www.musicadeon.com\/index.php\/2014\/07\/03\/la-vitesse-du-temps-ou-le-temps-dune-vie\/","title":{"rendered":"La vitesse du temps ou le temps d&rsquo;une vie"},"content":{"rendered":"<p align=\"center\"><span lang=\"FR-BE\"><span style=\"\">&nbsp; <\/span><\/span><strong style=\"\"><u><span style=\"font-size:14.0pt;line-height:115%\" lang=\"FR-BE\">Casting Com\u00e9die \u00ab\u00a0La vitesse du temps\u00a0\u00bb<\/span><\/u><\/b><\/p>\n<p align=\"center\"><strong style=\"\"><u><span style=\"font-size:22.0pt;line-height:115%;color:red\" lang=\"FR-BE\">13 Septembre (Manage) <\/span><\/u><\/b><strong style=\"\"><span style=\"font-size:22.0pt;line-height:115%;color:red\" lang=\"FR-BE\"><span style=\"\">&nbsp;<\/span><\/span><\/b><strong style=\"\"><span style=\"font-size:14.0pt;line-height:115%\" lang=\"FR-BE\">Brasserie des Arts<\/span><\/b><span style=\"font-size:14.0pt;line-height:115%\" lang=\"FR-BE\"> <\/span><span lang=\"FR-BE\"><span style=\"\">&nbsp;<\/span><b>&#8211; Grand rue 51 &#8211; 7170 &#8211; Manage<\/b><\/span><\/p>\n<p><b><\/b><\/p>\n<p align=\"center\"><b><span lang=\"FR-BE\">Bonjour amis Artistes, <\/span><\/b><\/p>\n<p><b><\/b><\/p>\n<p class=\"Sansinterligne\" align=\"center\"><b><span lang=\"FR-BE\">La com\u00e9die en quelques lignes: unhomme, po\u00e8te, pense \u00e0 sa vie, son pass\u00e9, pr\u00e9sent et avenir.<\/span><\/b><\/p>\n<p><b><\/b><\/p>\n<p class=\"Sansinterligne\" align=\"center\"><b><span lang=\"FR-BE\">Pour le d\u00e9roulement, plusieurs \u00e9tapesde sa vie seront donc interpr\u00e9t\u00e9es en musique.<\/span><\/b><\/p>\n<p><b><\/b><\/p>\n<p class=\"Sansinterligne\" align=\"center\"><b><span lang=\"FR-BE\">&nbsp;<\/span><\/b><\/p>\n<p><b><\/b><\/p>\n<p class=\"Sansinterligne\" align=\"center\"><b><span lang=\"FR-BE\">Nous recherchons uniquement despersonnes <\/span><span style=\"font-size:14.0pt\" lang=\"FR-BE\">s\u00e9rieuses,disponibles, empathiques, souriantes &amp; PONCTUELLES<\/span><span lang=\"FR-BE\"> <span style=\"\">&nbsp;<\/span><\/span><span style=\"font-size:16.0pt\" lang=\"FR-BE\">!<\/span><\/b><\/p>\n<p><b><\/b><\/p>\n<p class=\"Sansinterligne\" align=\"center\"><b><span lang=\"FR-BE\">&nbsp;<\/span><\/b><\/p>\n<p><b><\/b><\/p>\n<p class=\"Sansinterligne\" align=\"center\"><b><span lang=\"FR-BE\">Chaque pr\u00e9tendant devra <span style=\"\">IMPERATIVEMENT \u00eatre affili\u00e9 \u00e0 L&rsquo;ASBL MiReProductions<\/span> afin d&rsquo;\u00e9viter le favoritisme. l&rsquo;affiliation (pour ceux qui n&rsquo;ysont d\u00e9j\u00e0) est de 20\u20ac sur le compte : BE76 3631 3485 4995<\/span><\/b><\/p>\n<p><b><\/b><\/p>\n<p class=\"Sansinterligne\" align=\"center\"><b><span lang=\"FR-BE\">avec en communication votre pr\u00e9nom oupseudo d&rsquo;Artiste.<\/span><\/b><\/p>\n<p><b><\/b><\/p>\n<p class=\"Sansinterligne\" align=\"center\"><b><span lang=\"FR-BE\">L&rsquo;inscription <span style=\"\">uniquemen<\/span>t via mail : <span style=\"\">mireproductions@skynet.be<\/span><span style=\"\">&nbsp;<\/span>(preuve de versement) nom, pr\u00e9nomadresse &amp; GSM + photo &#8211; <span style=\"\">un ordre depassage vous sera communiqu\u00e9 en retour de mail !<\/span><\/span><\/b><\/p>\n<p><b><\/b><\/p>\n<p class=\"Sansinterligne\" align=\"center\"><b><span lang=\"FR-BE\">&nbsp;<\/span><\/b><\/p>\n<p><b><\/b><\/p>\n<p class=\"Sansinterligne\" align=\"center\"><b><span lang=\"FR-BE\">R\u00f4les :<span style=\"\">&nbsp;&nbsp; <\/span>&#8211; 2 hommes 30\/40 ans<\/span><\/b><\/p>\n<p><b><\/b><\/p>\n<p class=\"Sansinterligne\" align=\"center\"><b><span lang=\"FR-BE\"><span style=\"\">&nbsp;&nbsp;&nbsp;&nbsp;&nbsp;&nbsp;&nbsp;&nbsp;&nbsp;&nbsp;&nbsp;&nbsp;&nbsp;&nbsp;&nbsp; <\/span>-2 femmes 30\/40 ans<\/span><\/b><\/p>\n<p><b><\/b><\/p>\n<p class=\"Sansinterligne\" align=\"center\"><b><span lang=\"FR-BE\"><span style=\"\">&nbsp;&nbsp;&nbsp;&nbsp;&nbsp;&nbsp;&nbsp;&nbsp;&nbsp;&nbsp;&nbsp;&nbsp;&nbsp;&nbsp;&nbsp; <\/span>-2 jeunes gar&ccedil;ons 6\/12 ans<\/span><\/b><\/p>\n<p><b><\/b><\/p>\n<p class=\"Sansinterligne\" align=\"center\"><b><span lang=\"FR-BE\"><span style=\"\">&nbsp;&nbsp;&nbsp;&nbsp;&nbsp;&nbsp;&nbsp;&nbsp;&nbsp;&nbsp;&nbsp;&nbsp;&nbsp;&nbsp;&nbsp; <\/span>-2 fillettes 6\/12 ans<\/span><\/b><\/p>\n<p><b><\/b><\/p>\n<p class=\"Sansinterligne\" align=\"center\"><b><span lang=\"FR-BE\"><span style=\"\">&nbsp;&nbsp;&nbsp;&nbsp;&nbsp;&nbsp;&nbsp;&nbsp;&nbsp;&nbsp;&nbsp;&nbsp;&nbsp;&nbsp;&nbsp; <\/span>-2 ados gar&ccedil;ons 14\/18 ans<\/span><\/b><\/p>\n<p><b><\/b><\/p>\n<p class=\"Sansinterligne\" align=\"center\"><b><span lang=\"FR-BE\"><span style=\"\">&nbsp;&nbsp;&nbsp;&nbsp;&nbsp;&nbsp;&nbsp;&nbsp;&nbsp;&nbsp;&nbsp;&nbsp;&nbsp;&nbsp;&nbsp; <\/span>-2 jeunes hommes 20\/30 ans<\/span><\/b><\/p>\n<p><b><\/b><\/p>\n<p class=\"Sansinterligne\" align=\"center\"><b><span lang=\"FR-BE\"><span style=\"\">&nbsp;&nbsp;&nbsp;&nbsp;&nbsp;&nbsp;&nbsp;&nbsp;&nbsp;&nbsp;&nbsp;&nbsp;&nbsp;&nbsp;&nbsp; <\/span>-2 jeunes femmes 20\/30 ans<\/span><\/b><\/p>\n<p><b><\/b><\/p>\n<p class=\"Sansinterligne\" align=\"center\"><b><span lang=\"FR-BE\"><span style=\"\">&nbsp;&nbsp;&nbsp;&nbsp;&nbsp;&nbsp;&nbsp;&nbsp;&nbsp;&nbsp;&nbsp;&nbsp;&nbsp;&nbsp;&nbsp; <\/span>-5 enfants 7\/12 ans (filles\/gar&ccedil;ons)<\/span><\/b><\/p>\n<p><b><\/b><\/p>\n<p class=\"Sansinterligne\" align=\"center\"><b><span lang=\"FR-BE\"><span style=\"\">&nbsp;&nbsp;&nbsp;&nbsp;&nbsp;&nbsp;&nbsp;&nbsp;&nbsp;&nbsp;&nbsp;&nbsp;&nbsp;&nbsp;&nbsp; <\/span>-10 figurants choristes (\u00e2ge divers) <\/span><\/b><\/p>\n<p><b><\/b><\/p>\n<p class=\"Sansinterligne\" align=\"center\"><b><span lang=\"FR-BE\">&nbsp;<\/span><\/b><\/p>\n<p><b><\/b><\/p>\n<p class=\"Sansinterligne\" align=\"center\"><b><span lang=\"FR-BE\">&nbsp;<\/span><\/b><\/p>\n<p><b><\/b><\/p>\n<p class=\"Sansinterligne\" align=\"center\"><b><span style=\"\"><span style=\"font-size:14.0pt\" lang=\"FR-BE\">Les r\u00e9p\u00e9titions ainsi que les premi\u00e8resrepr\u00e9sentations promotionnelles seront enti\u00e8rement b\u00e9n\u00e9voles.<span style=\"\">&nbsp; <\/span><\/span><\/span><\/b><\/p>\n<p><b><\/b><\/p>\n<p class=\"Sansinterligne\" align=\"center\"><b><span lang=\"FR-BE\">&nbsp;<\/span><\/b><\/p>\n<p><b><\/b><\/p>\n<p class=\"Sansinterligne\" align=\"center\"><b><span lang=\"FR-BE\">&nbsp;<\/span><\/b><\/p>\n<p><b><\/b><\/p>\n<p class=\"Sansinterligne\" align=\"center\"><b><span style=\"\"><span style=\"font-size:12.0pt;color:red\" lang=\"FR-BE\">!!!!! les r\u00e9p\u00e9titions se d\u00e9rouleronttoujours un MARDI de 18h00 \u00e0 20h00 \u00e0 Manage !!!!!<\/span><\/span><\/b><\/p>\n<p><b><\/b><\/p>\n<p class=\"Sansinterligne\" align=\"center\"><b><span style=\"\"><span style=\"font-size:12.0pt;color:red\" lang=\"FR-BE\"><span style=\"\">&nbsp;<\/span>Cela sous-entend que si cette horaire ne vousconvient pas, inutile de passer le casting<\/span><\/span><span lang=\"FR-BE\"><span style=\"\">&nbsp;&nbsp;&nbsp;&nbsp;&nbsp; <\/span><\/span><\/b><\/p>\n<p><b><\/b><\/p>\n<p class=\"Sansinterligne\" align=\"center\"><b><span lang=\"FR-BE\">&nbsp;<\/span><\/b><\/p>\n<p><b><\/b><\/p>\n<p class=\"Sansinterligne\" align=\"center\"><b><span lang=\"FR-BE\">Pour toutes questions compl\u00e9mentaireun seul mail : mireproductions@skynet.be<\/span><\/b><\/p>\n<p><b><\/b><\/p>\n<p class=\"Sansinterligne\" align=\"center\"><b><span lang=\"FR-BE\">&nbsp;<\/span><\/b><\/p>\n<p><b><\/b><\/p>\n<p class=\"Sansinterligne\" align=\"center\"><b><span lang=\"FR-BE\">Au plaisir de vous rencontrer<\/span><\/b><\/p>\n<p><b><\/b><\/p>\n<p class=\"Sansinterligne\" align=\"center\"><b><span lang=\"FR-BE\">&nbsp;<\/span><\/b><\/p>\n<p><b><\/b><\/p>\n<p class=\"Sansinterligne\" align=\"center\"><b><span lang=\"FR-BE\">&nbsp;<\/span><\/b><\/p>\n<p><b><\/b><\/p>\n<p class=\"Sansinterligne\" align=\"center\"><b><span lang=\"FR-BE\"><span style=\"\">&nbsp;&nbsp;&nbsp;&nbsp;&nbsp;&nbsp;&nbsp;&nbsp;&nbsp;&nbsp;&nbsp;&nbsp;&nbsp;&nbsp;&nbsp;&nbsp;&nbsp;&nbsp;&nbsp;&nbsp;&nbsp;&nbsp;&nbsp;&nbsp;&nbsp;&nbsp;&nbsp;&nbsp;&nbsp;&nbsp;&nbsp;&nbsp;&nbsp;&nbsp;&nbsp;&nbsp;&nbsp;&nbsp;&nbsp;&nbsp;&nbsp;&nbsp;&nbsp;&nbsp;&nbsp;&nbsp;&nbsp;&nbsp;&nbsp;&nbsp;&nbsp;&nbsp;&nbsp;&nbsp;&nbsp;&nbsp;&nbsp;&nbsp;&nbsp;&nbsp;&nbsp;&nbsp;&nbsp;&nbsp;&nbsp;&nbsp;&nbsp;&nbsp;&nbsp;&nbsp;&nbsp;&nbsp;&nbsp;&nbsp;&nbsp;&nbsp;&nbsp;&nbsp;&nbsp;&nbsp;&nbsp;&nbsp;&nbsp;&nbsp;&nbsp;&nbsp;&nbsp;&nbsp;&nbsp;&nbsp;&nbsp;&nbsp;&nbsp; <\/span>Votred\u00e9vou\u00e9 Remia<\/span><\/b><\/p>\n<p align=\"center\"><span lang=\"FR-BE\">&nbsp;<\/span><\/p>\n","protected":false},"excerpt":{"rendered":"<p>&nbsp; Casting Com\u00e9die \u00ab\u00a0La vitesse du temps\u00a0\u00bb 13 Septembre (Manage) &nbsp;Brasserie des Arts &nbsp;&#8211; Grand rue 51 &#8211; 7170 &#8211; Manage Bonjour amis Artistes, La&#8230;<\/p>\n","protected":false},"author":1,"featured_media":0,"comment_status":"closed","ping_status":"open","sticky":false,"template":"","format":"standard","meta":[],"categories":[3],"tags":[5],"_links":{"self":[{"href":"https:\/\/www.musicadeon.com\/index.php\/wp-json\/wp\/v2\/posts\/3898"}],"collection":[{"href":"https:\/\/www.musicadeon.com\/index.php\/wp-json\/wp\/v2\/posts"}],"about":[{"href":"https:\/\/www.musicadeon.com\/index.php\/wp-json\/wp\/v2\/types\/post"}],"author":[{"embeddable":true,"href":"https:\/\/www.musicadeon.com\/index.php\/wp-json\/wp\/v2\/users\/1"}],"replies":[{"embeddable":true,"href":"https:\/\/www.musicadeon.com\/index.php\/wp-json\/wp\/v2\/comments?post=3898"}],"version-history":[{"count":0,"href":"https:\/\/www.musicadeon.com\/index.php\/wp-json\/wp\/v2\/posts\/3898\/revisions"}],"wp:attachment":[{"href":"https:\/\/www.musicadeon.com\/index.php\/wp-json\/wp\/v2\/media?parent=3898"}],"wp:term":[{"taxonomy":"category","embeddable":true,"href":"https:\/\/www.musicadeon.com\/index.php\/wp-json\/wp\/v2\/categories?post=3898"},{"taxonomy":"post_tag","embeddable":true,"href":"https:\/\/www.musicadeon.com\/index.php\/wp-json\/wp\/v2\/tags?post=3898"}],"curies":[{"name":"wp","href":"https:\/\/api.w.org\/{rel}","templated":true}]}}