{"id":391,"date":"2002-12-25T01:00:00","date_gmt":"2002-12-25T00:00:00","guid":{"rendered":"http:\/\/www.musicadeon.com\/index.php\/2002\/12\/25\/piano-bar\/"},"modified":"2002-12-25T01:00:00","modified_gmt":"2002-12-25T00:00:00","slug":"piano-bar","status":"publish","type":"post","link":"https:\/\/www.musicadeon.com\/index.php\/2002\/12\/25\/piano-bar\/","title":{"rendered":"Piano Bar"},"content":{"rendered":"<p>le 27et le 28 D\u00e9cembre \u00e0 Namur d\u00e8s 22h au Piano bar place march\u00e9 aux l\u00e9gumes concert avec \u00ab\u00a0Cover Age\u00a0\u00bb<\/p>\n","protected":false},"excerpt":{"rendered":"<p>le 27et le 28 D\u00e9cembre \u00e0 Namur d\u00e8s 22h au Piano bar place march\u00e9 aux l\u00e9gumes concert avec \u00ab\u00a0Cover Age\u00a0\u00bb<\/p>\n","protected":false},"author":1,"featured_media":0,"comment_status":"closed","ping_status":"open","sticky":false,"template":"","format":"standard","meta":[],"categories":[3],"tags":[5],"_links":{"self":[{"href":"https:\/\/www.musicadeon.com\/index.php\/wp-json\/wp\/v2\/posts\/391"}],"collection":[{"href":"https:\/\/www.musicadeon.com\/index.php\/wp-json\/wp\/v2\/posts"}],"about":[{"href":"https:\/\/www.musicadeon.com\/index.php\/wp-json\/wp\/v2\/types\/post"}],"author":[{"embeddable":true,"href":"https:\/\/www.musicadeon.com\/index.php\/wp-json\/wp\/v2\/users\/1"}],"replies":[{"embeddable":true,"href":"https:\/\/www.musicadeon.com\/index.php\/wp-json\/wp\/v2\/comments?post=391"}],"version-history":[{"count":0,"href":"https:\/\/www.musicadeon.com\/index.php\/wp-json\/wp\/v2\/posts\/391\/revisions"}],"wp:attachment":[{"href":"https:\/\/www.musicadeon.com\/index.php\/wp-json\/wp\/v2\/media?parent=391"}],"wp:term":[{"taxonomy":"category","embeddable":true,"href":"https:\/\/www.musicadeon.com\/index.php\/wp-json\/wp\/v2\/categories?post=391"},{"taxonomy":"post_tag","embeddable":true,"href":"https:\/\/www.musicadeon.com\/index.php\/wp-json\/wp\/v2\/tags?post=391"}],"curies":[{"name":"wp","href":"https:\/\/api.w.org\/{rel}","templated":true}]}}