{"id":3911,"date":"2014-08-05T02:00:00","date_gmt":"2014-08-05T00:00:00","guid":{"rendered":"http:\/\/www.musicadeon.com\/index.php\/2014\/08\/05\/a-vos-agendas-15-08-2015\/"},"modified":"2014-08-05T02:00:00","modified_gmt":"2014-08-05T00:00:00","slug":"a-vos-agendas-15-08-2015","status":"publish","type":"post","link":"https:\/\/www.musicadeon.com\/index.php\/2014\/08\/05\/a-vos-agendas-15-08-2015\/","title":{"rendered":"\u00c0 vos agendas (15-08-2015)"},"content":{"rendered":"<p>Le samedi 15 ao\u00fbt 2015 Festival d&rsquo;accord\u00e9on \u00e0 Voul\u00eame (86) (France) avec <a href=\"http:\/\/www.erika.be\" target=\"_blank\" rel=\"noopener noreferrer\">Erika<\/a> la princesse de l&rsquo;accord\u00e9on, Laurent Pire, Denis SALESSE &#038; son orchestre, St\u00e9phanie RODRIGUEZ, Andr\u00e9 LOPPE, Pierre-Fran\u00e7ois DUQUEYROIS, Pascal MICHAUD, S\u00e9bastien FARGE, Pascal TERRIBLE, Jean-Pierre ROY, Nicole BERGES, Clody Musette, Thierry GUITTON. etc&#8230; Info: 0032475205804<\/p>\n","protected":false},"excerpt":{"rendered":"<p>Le samedi 15 ao\u00fbt 2015 Festival d&rsquo;accord\u00e9on \u00e0 Voul\u00eame (86) (France) avec Erika la princesse de l&rsquo;accord\u00e9on, Laurent Pire, Denis SALESSE &#038; son orchestre, St\u00e9phanie&#8230;<\/p>\n","protected":false},"author":1,"featured_media":0,"comment_status":"closed","ping_status":"open","sticky":false,"template":"","format":"standard","meta":[],"categories":[1],"tags":[],"_links":{"self":[{"href":"https:\/\/www.musicadeon.com\/index.php\/wp-json\/wp\/v2\/posts\/3911"}],"collection":[{"href":"https:\/\/www.musicadeon.com\/index.php\/wp-json\/wp\/v2\/posts"}],"about":[{"href":"https:\/\/www.musicadeon.com\/index.php\/wp-json\/wp\/v2\/types\/post"}],"author":[{"embeddable":true,"href":"https:\/\/www.musicadeon.com\/index.php\/wp-json\/wp\/v2\/users\/1"}],"replies":[{"embeddable":true,"href":"https:\/\/www.musicadeon.com\/index.php\/wp-json\/wp\/v2\/comments?post=3911"}],"version-history":[{"count":0,"href":"https:\/\/www.musicadeon.com\/index.php\/wp-json\/wp\/v2\/posts\/3911\/revisions"}],"wp:attachment":[{"href":"https:\/\/www.musicadeon.com\/index.php\/wp-json\/wp\/v2\/media?parent=3911"}],"wp:term":[{"taxonomy":"category","embeddable":true,"href":"https:\/\/www.musicadeon.com\/index.php\/wp-json\/wp\/v2\/categories?post=3911"},{"taxonomy":"post_tag","embeddable":true,"href":"https:\/\/www.musicadeon.com\/index.php\/wp-json\/wp\/v2\/tags?post=3911"}],"curies":[{"name":"wp","href":"https:\/\/api.w.org\/{rel}","templated":true}]}}