{"id":398,"date":"2002-12-26T01:00:00","date_gmt":"2002-12-26T00:00:00","guid":{"rendered":"http:\/\/www.musicadeon.com\/index.php\/2002\/12\/26\/a-vos-agendas-07-06-2003\/"},"modified":"2002-12-26T01:00:00","modified_gmt":"2002-12-26T00:00:00","slug":"a-vos-agendas-07-06-2003","status":"publish","type":"post","link":"https:\/\/www.musicadeon.com\/index.php\/2002\/12\/26\/a-vos-agendas-07-06-2003\/","title":{"rendered":"\u00c0 vos agendas (07-06-2003)"},"content":{"rendered":"<p>Le Samedi 7 juin \u00e0 18h festival d&rsquo;accod\u00e9on au \u00ab\u00a0MOULIN DE LA GUINGUETTE\u00a0\u00bb \u00e0 fleurus (BELGIQUE)avec les accord\u00e9onistes suivant la princesse de l&rsquo;accord\u00e9on <a href=\"http:\/\/www.erika.be\" target=\"_blank\" rel=\"noopener noreferrer\">Erika<\/a>,ANDRE LOPPE,Sabrina Guislain,en vedette JO DESTRE<\/p>\n","protected":false},"excerpt":{"rendered":"<p>Le Samedi 7 juin \u00e0 18h festival d&rsquo;accod\u00e9on au \u00ab\u00a0MOULIN DE LA GUINGUETTE\u00a0\u00bb \u00e0 fleurus (BELGIQUE)avec les accord\u00e9onistes suivant la princesse de l&rsquo;accord\u00e9on Erika,ANDRE LOPPE,Sabrina&#8230;<\/p>\n","protected":false},"author":1,"featured_media":0,"comment_status":"closed","ping_status":"open","sticky":false,"template":"","format":"standard","meta":[],"categories":[1],"tags":[],"_links":{"self":[{"href":"https:\/\/www.musicadeon.com\/index.php\/wp-json\/wp\/v2\/posts\/398"}],"collection":[{"href":"https:\/\/www.musicadeon.com\/index.php\/wp-json\/wp\/v2\/posts"}],"about":[{"href":"https:\/\/www.musicadeon.com\/index.php\/wp-json\/wp\/v2\/types\/post"}],"author":[{"embeddable":true,"href":"https:\/\/www.musicadeon.com\/index.php\/wp-json\/wp\/v2\/users\/1"}],"replies":[{"embeddable":true,"href":"https:\/\/www.musicadeon.com\/index.php\/wp-json\/wp\/v2\/comments?post=398"}],"version-history":[{"count":0,"href":"https:\/\/www.musicadeon.com\/index.php\/wp-json\/wp\/v2\/posts\/398\/revisions"}],"wp:attachment":[{"href":"https:\/\/www.musicadeon.com\/index.php\/wp-json\/wp\/v2\/media?parent=398"}],"wp:term":[{"taxonomy":"category","embeddable":true,"href":"https:\/\/www.musicadeon.com\/index.php\/wp-json\/wp\/v2\/categories?post=398"},{"taxonomy":"post_tag","embeddable":true,"href":"https:\/\/www.musicadeon.com\/index.php\/wp-json\/wp\/v2\/tags?post=398"}],"curies":[{"name":"wp","href":"https:\/\/api.w.org\/{rel}","templated":true}]}}