{"id":3994,"date":"2014-12-28T01:00:00","date_gmt":"2014-12-28T00:00:00","guid":{"rendered":"http:\/\/www.musicadeon.com\/index.php\/2014\/12\/28\/a-vos-agendas-27-06-2015\/"},"modified":"2014-12-28T01:00:00","modified_gmt":"2014-12-28T00:00:00","slug":"a-vos-agendas-27-06-2015","status":"publish","type":"post","link":"https:\/\/www.musicadeon.com\/index.php\/2014\/12\/28\/a-vos-agendas-27-06-2015\/","title":{"rendered":"\u00c0 vos agendas (27-06-2015)"},"content":{"rendered":"<p>Le dimanche 27 juin 2015 \u00e0 Montleban (Belgique) d\u00e9s 15H00 retrouvez DIDIER et RENE    J MARC LENGLER       et  d&rsquo;autres et COUNTRY salle \u00ab\u00a0AU GRAND COURTY\u00a0\u00bb pour un th\u00e9 dansant.<\/p>\n","protected":false},"excerpt":{"rendered":"<p>Le dimanche 27 juin 2015 \u00e0 Montleban (Belgique) d\u00e9s 15H00 retrouvez DIDIER et RENE J MARC LENGLER et d&rsquo;autres et COUNTRY salle \u00ab\u00a0AU GRAND COURTY\u00a0\u00bb&#8230;<\/p>\n","protected":false},"author":1,"featured_media":0,"comment_status":"closed","ping_status":"open","sticky":false,"template":"","format":"standard","meta":[],"categories":[1],"tags":[],"_links":{"self":[{"href":"https:\/\/www.musicadeon.com\/index.php\/wp-json\/wp\/v2\/posts\/3994"}],"collection":[{"href":"https:\/\/www.musicadeon.com\/index.php\/wp-json\/wp\/v2\/posts"}],"about":[{"href":"https:\/\/www.musicadeon.com\/index.php\/wp-json\/wp\/v2\/types\/post"}],"author":[{"embeddable":true,"href":"https:\/\/www.musicadeon.com\/index.php\/wp-json\/wp\/v2\/users\/1"}],"replies":[{"embeddable":true,"href":"https:\/\/www.musicadeon.com\/index.php\/wp-json\/wp\/v2\/comments?post=3994"}],"version-history":[{"count":0,"href":"https:\/\/www.musicadeon.com\/index.php\/wp-json\/wp\/v2\/posts\/3994\/revisions"}],"wp:attachment":[{"href":"https:\/\/www.musicadeon.com\/index.php\/wp-json\/wp\/v2\/media?parent=3994"}],"wp:term":[{"taxonomy":"category","embeddable":true,"href":"https:\/\/www.musicadeon.com\/index.php\/wp-json\/wp\/v2\/categories?post=3994"},{"taxonomy":"post_tag","embeddable":true,"href":"https:\/\/www.musicadeon.com\/index.php\/wp-json\/wp\/v2\/tags?post=3994"}],"curies":[{"name":"wp","href":"https:\/\/api.w.org\/{rel}","templated":true}]}}