{"id":4008,"date":"2015-01-11T01:00:00","date_gmt":"2015-01-11T00:00:00","guid":{"rendered":"http:\/\/www.musicadeon.com\/index.php\/2015\/01\/11\/a-vos-agendas-14-01-2015\/"},"modified":"2015-01-11T01:00:00","modified_gmt":"2015-01-11T00:00:00","slug":"a-vos-agendas-14-01-2015","status":"publish","type":"post","link":"https:\/\/www.musicadeon.com\/index.php\/2015\/01\/11\/a-vos-agendas-14-01-2015\/","title":{"rendered":"\u00c0 vos agendas (14-01-2015)"},"content":{"rendered":"<p>Bonjour,RETROUVEZ ERIKA LA PRINCESSE DE L&rsquo;ACCORDEON SUR WEO AVEC MICHEL PRUVOT Pour votre information, l&rsquo;\u00e9mission \u00ab Sur un air d\u2019Accord\u00e9on \u00bb que vous avez enregistr\u00e9e en novembre dernier au Grand Cabaret de Vieux Berquin (59 ) sera diffus\u00e9e pour la 1\u00e8re fois le MERCREDI 14 JANVIER 2015 \u00e0 14h30 sur WEOEnsuite cette m\u00eame \u00e9mission sera rediffus\u00e9e 40 jours plus tard et cela jusqu\u2019\u00e0 la livraison d\u2019autres \u00e9missions .En effet WEO a modifi\u00e9 la diffusion des \u00e9missions de \u00ab Sur un air d\u2019Accord\u00e9on \u00bb Auparavant la m\u00eame \u00e9mission \u00e9tait diffus\u00e9e tous les jours de la semaine (du Samedi au vendredi) ; Dor\u00e9navant WEO diffuse une nouvelle \u00e9mission par jour ; Etant donn\u00e9 que dans un premier temps 40 nouvelles \u00e9missions viennent d\u2019\u00eatre livr\u00e9es \u00e0 la cha\u00eene , WEO va donc diffuser 1 Emission\/ jour pendant 40 jours, et une fois le d\u00e9lai de 40 jours pass\u00e9 la cha\u00eene rediffuse ces m\u00eames \u00e9missions En pi\u00e8ce jointe comment recevoir WEO sur le c\u00e2ble \u00ab NUMERICABLE \u00bb et sur les autres serveurs &#8230;. Vous pouvez \u00e9galement voir l\u2019\u00e9mission SUR UN AIR D\u2019ACCORDEON en direct tous les jours \u00e0 14h30 sur le site de la cha\u00eene : www.weo.fr<\/p>\n","protected":false},"excerpt":{"rendered":"<p>Bonjour,RETROUVEZ ERIKA LA PRINCESSE DE L&rsquo;ACCORDEON SUR WEO AVEC MICHEL PRUVOT Pour votre information, l&rsquo;\u00e9mission \u00ab Sur un air d\u2019Accord\u00e9on \u00bb que vous avez enregistr\u00e9e&#8230;<\/p>\n","protected":false},"author":1,"featured_media":0,"comment_status":"closed","ping_status":"open","sticky":false,"template":"","format":"standard","meta":[],"categories":[1],"tags":[],"_links":{"self":[{"href":"https:\/\/www.musicadeon.com\/index.php\/wp-json\/wp\/v2\/posts\/4008"}],"collection":[{"href":"https:\/\/www.musicadeon.com\/index.php\/wp-json\/wp\/v2\/posts"}],"about":[{"href":"https:\/\/www.musicadeon.com\/index.php\/wp-json\/wp\/v2\/types\/post"}],"author":[{"embeddable":true,"href":"https:\/\/www.musicadeon.com\/index.php\/wp-json\/wp\/v2\/users\/1"}],"replies":[{"embeddable":true,"href":"https:\/\/www.musicadeon.com\/index.php\/wp-json\/wp\/v2\/comments?post=4008"}],"version-history":[{"count":0,"href":"https:\/\/www.musicadeon.com\/index.php\/wp-json\/wp\/v2\/posts\/4008\/revisions"}],"wp:attachment":[{"href":"https:\/\/www.musicadeon.com\/index.php\/wp-json\/wp\/v2\/media?parent=4008"}],"wp:term":[{"taxonomy":"category","embeddable":true,"href":"https:\/\/www.musicadeon.com\/index.php\/wp-json\/wp\/v2\/categories?post=4008"},{"taxonomy":"post_tag","embeddable":true,"href":"https:\/\/www.musicadeon.com\/index.php\/wp-json\/wp\/v2\/tags?post=4008"}],"curies":[{"name":"wp","href":"https:\/\/api.w.org\/{rel}","templated":true}]}}