{"id":4010,"date":"2015-01-26T01:00:00","date_gmt":"2015-01-26T00:00:00","guid":{"rendered":"http:\/\/www.musicadeon.com\/index.php\/2015\/01\/26\/a-vos-agendas-07-03-2015-2\/"},"modified":"2015-01-26T01:00:00","modified_gmt":"2015-01-26T00:00:00","slug":"a-vos-agendas-07-03-2015-2","status":"publish","type":"post","link":"https:\/\/www.musicadeon.com\/index.php\/2015\/01\/26\/a-vos-agendas-07-03-2015-2\/","title":{"rendered":"\u00c0 vos agendas (07-03-2015)"},"content":{"rendered":"<p>L\u2019Amicale des Pensionn\u00e9sSocialistesde Braine\u2013l\u2019Alleud             Chers Amis et Amies,L\u2019Amicale des Pensionn\u00e9s Socialistes \u00e0 le plaisir de vous inviter \u00e0 son      Go\u00fbter  Dansant      Le  Samedi  7  Mars  2015      De  14h  \u00e0  17h      Place du M\u00f4le 11     1420 Braine-l\u2019Alleud                  L\u2019apr\u00e8s-midi dansant sera anim\u00e9 par L\u2019Orchestre Musette             1 2 3  MusiqueSi vous d\u00e9sirez participer au go\u00fbter, l\u2019inscription, ainsi que les d\u00e9sistements, sont indispensables aupr\u00e8s de la  Pr\u00e9sidente  Paulette Delanghe au 02 \/ 384.98.56 ou  0498\/ 31.05.55 Les inscriptions sont re\u00e7ues jusqu\u2019au <   5  Mars  2015  >Frais de participation\u00a0: 8 \u20acEn attendant le plaisir de vous revoir, recevez, chers Amis et Amies, nos tr\u00e8s cordiales salutations.Olivier ParvaisPr\u00e9sident de La Maison du Peuple<\/p>\n","protected":false},"excerpt":{"rendered":"<p>L\u2019Amicale des Pensionn\u00e9sSocialistesde Braine\u2013l\u2019Alleud Chers Amis et Amies,L\u2019Amicale des Pensionn\u00e9s Socialistes \u00e0 le plaisir de vous inviter \u00e0 son Go\u00fbter Dansant Le Samedi 7 Mars&#8230;<\/p>\n","protected":false},"author":1,"featured_media":0,"comment_status":"closed","ping_status":"open","sticky":false,"template":"","format":"standard","meta":[],"categories":[1],"tags":[],"_links":{"self":[{"href":"https:\/\/www.musicadeon.com\/index.php\/wp-json\/wp\/v2\/posts\/4010"}],"collection":[{"href":"https:\/\/www.musicadeon.com\/index.php\/wp-json\/wp\/v2\/posts"}],"about":[{"href":"https:\/\/www.musicadeon.com\/index.php\/wp-json\/wp\/v2\/types\/post"}],"author":[{"embeddable":true,"href":"https:\/\/www.musicadeon.com\/index.php\/wp-json\/wp\/v2\/users\/1"}],"replies":[{"embeddable":true,"href":"https:\/\/www.musicadeon.com\/index.php\/wp-json\/wp\/v2\/comments?post=4010"}],"version-history":[{"count":0,"href":"https:\/\/www.musicadeon.com\/index.php\/wp-json\/wp\/v2\/posts\/4010\/revisions"}],"wp:attachment":[{"href":"https:\/\/www.musicadeon.com\/index.php\/wp-json\/wp\/v2\/media?parent=4010"}],"wp:term":[{"taxonomy":"category","embeddable":true,"href":"https:\/\/www.musicadeon.com\/index.php\/wp-json\/wp\/v2\/categories?post=4010"},{"taxonomy":"post_tag","embeddable":true,"href":"https:\/\/www.musicadeon.com\/index.php\/wp-json\/wp\/v2\/tags?post=4010"}],"curies":[{"name":"wp","href":"https:\/\/api.w.org\/{rel}","templated":true}]}}