{"id":4141,"date":"2016-03-16T01:00:00","date_gmt":"2016-03-16T00:00:00","guid":{"rendered":"http:\/\/www.musicadeon.com\/index.php\/2016\/03\/16\/a-vos-agendas-06-05-2016\/"},"modified":"2016-03-16T01:00:00","modified_gmt":"2016-03-16T00:00:00","slug":"a-vos-agendas-06-05-2016","status":"publish","type":"post","link":"https:\/\/www.musicadeon.com\/index.php\/2016\/03\/16\/a-vos-agendas-06-05-2016\/","title":{"rendered":"\u00c0 vos agendas (06-05-2016)"},"content":{"rendered":"<p>Vendredi 06 mai 2016 &#8211; 24\u00e8 Rencontre d\u2019Accord\u00e9onistes19h56 Quartier Saint-Pierre et alentours \u2013 TournaiArtistes, accord\u00e9onistes en herbes, musiciens de tous poils accompagn\u00e9s d\u2019au moins un soufflet \u00e0 bretelles\u2026Pour participer, contactez-nous d\u00e8s \u00e0 pr\u00e9sent.<\/p>\n","protected":false},"excerpt":{"rendered":"<p>Vendredi 06 mai 2016 &#8211; 24\u00e8 Rencontre d\u2019Accord\u00e9onistes19h56 Quartier Saint-Pierre et alentours \u2013 TournaiArtistes, accord\u00e9onistes en herbes, musiciens de tous poils accompagn\u00e9s d\u2019au moins un&#8230;<\/p>\n","protected":false},"author":1,"featured_media":0,"comment_status":"closed","ping_status":"open","sticky":false,"template":"","format":"standard","meta":[],"categories":[1],"tags":[],"_links":{"self":[{"href":"https:\/\/www.musicadeon.com\/index.php\/wp-json\/wp\/v2\/posts\/4141"}],"collection":[{"href":"https:\/\/www.musicadeon.com\/index.php\/wp-json\/wp\/v2\/posts"}],"about":[{"href":"https:\/\/www.musicadeon.com\/index.php\/wp-json\/wp\/v2\/types\/post"}],"author":[{"embeddable":true,"href":"https:\/\/www.musicadeon.com\/index.php\/wp-json\/wp\/v2\/users\/1"}],"replies":[{"embeddable":true,"href":"https:\/\/www.musicadeon.com\/index.php\/wp-json\/wp\/v2\/comments?post=4141"}],"version-history":[{"count":0,"href":"https:\/\/www.musicadeon.com\/index.php\/wp-json\/wp\/v2\/posts\/4141\/revisions"}],"wp:attachment":[{"href":"https:\/\/www.musicadeon.com\/index.php\/wp-json\/wp\/v2\/media?parent=4141"}],"wp:term":[{"taxonomy":"category","embeddable":true,"href":"https:\/\/www.musicadeon.com\/index.php\/wp-json\/wp\/v2\/categories?post=4141"},{"taxonomy":"post_tag","embeddable":true,"href":"https:\/\/www.musicadeon.com\/index.php\/wp-json\/wp\/v2\/tags?post=4141"}],"curies":[{"name":"wp","href":"https:\/\/api.w.org\/{rel}","templated":true}]}}