{"id":4251,"date":"2018-12-10T01:00:00","date_gmt":"2018-12-10T00:00:00","guid":{"rendered":"http:\/\/www.musicadeon.com\/index.php\/2018\/12\/10\/4eme-festival-daccordeon-a-lessines-belgique\/"},"modified":"2018-12-10T01:00:00","modified_gmt":"2018-12-10T00:00:00","slug":"4eme-festival-daccordeon-a-lessines-belgique","status":"publish","type":"post","link":"https:\/\/www.musicadeon.com\/index.php\/2018\/12\/10\/4eme-festival-daccordeon-a-lessines-belgique\/","title":{"rendered":"4\u00e8me festival d&rsquo;accord\u00e9on \u00e0 Lessines (Belgique)"},"content":{"rendered":"<p>LE \u00ab\u00a0CENTRE CULTUREL RENE MAGRITTE\u00a0\u00bb en collaboration avec l&rsquo;Asbl S.P.T.J.A. organise le 4\u00e8me festival d&rsquo;accord\u00e9on le dimanche 8 Septembre 2019 d\u00e9s 12h30 \u00e0 Lessines (Belgique) retrouvez NICOLE BERGES, Erika la princesse de l&rsquo;accord\u00e9on et Son Orchestre , PIERRE DEVOS, Jacques Scourneau, David Fr\u00e9vier Info: 0032475205804<\/p>\n<p align=\"center\"> <img decoding=\"async\" src=\"\/A\/N\/D\/orchestre2018erika1sptja1erika34cadence.jpg\" \/><\/p>\n<p align=\"center\"> <img decoding=\"async\" src=\"\/A\/N\/D\/festival20190908accordeon1sptja1lessines2musicadeon.jpg\" \/><\/p>\n","protected":false},"excerpt":{"rendered":"<p>LE \u00ab\u00a0CENTRE CULTUREL RENE MAGRITTE\u00a0\u00bb en collaboration avec l&rsquo;Asbl S.P.T.J.A. organise le 4\u00e8me festival d&rsquo;accord\u00e9on le dimanche 8 Septembre 2019 d\u00e9s 12h30 \u00e0 Lessines (Belgique)&#8230;<\/p>\n","protected":false},"author":1,"featured_media":0,"comment_status":"closed","ping_status":"open","sticky":false,"template":"","format":"standard","meta":[],"categories":[3],"tags":[],"_links":{"self":[{"href":"https:\/\/www.musicadeon.com\/index.php\/wp-json\/wp\/v2\/posts\/4251"}],"collection":[{"href":"https:\/\/www.musicadeon.com\/index.php\/wp-json\/wp\/v2\/posts"}],"about":[{"href":"https:\/\/www.musicadeon.com\/index.php\/wp-json\/wp\/v2\/types\/post"}],"author":[{"embeddable":true,"href":"https:\/\/www.musicadeon.com\/index.php\/wp-json\/wp\/v2\/users\/1"}],"replies":[{"embeddable":true,"href":"https:\/\/www.musicadeon.com\/index.php\/wp-json\/wp\/v2\/comments?post=4251"}],"version-history":[{"count":0,"href":"https:\/\/www.musicadeon.com\/index.php\/wp-json\/wp\/v2\/posts\/4251\/revisions"}],"wp:attachment":[{"href":"https:\/\/www.musicadeon.com\/index.php\/wp-json\/wp\/v2\/media?parent=4251"}],"wp:term":[{"taxonomy":"category","embeddable":true,"href":"https:\/\/www.musicadeon.com\/index.php\/wp-json\/wp\/v2\/categories?post=4251"},{"taxonomy":"post_tag","embeddable":true,"href":"https:\/\/www.musicadeon.com\/index.php\/wp-json\/wp\/v2\/tags?post=4251"}],"curies":[{"name":"wp","href":"https:\/\/api.w.org\/{rel}","templated":true}]}}