{"id":4252,"date":"2019-02-02T01:00:00","date_gmt":"2019-02-02T00:00:00","guid":{"rendered":"http:\/\/www.musicadeon.com\/index.php\/2019\/02\/02\/a-vos-agendas-08-09-2019\/"},"modified":"2019-02-02T01:00:00","modified_gmt":"2019-02-02T00:00:00","slug":"a-vos-agendas-08-09-2019","status":"publish","type":"post","link":"https:\/\/www.musicadeon.com\/index.php\/2019\/02\/02\/a-vos-agendas-08-09-2019\/","title":{"rendered":"\u00c0 vos agendas (08-09-2019)"},"content":{"rendered":"<p>LE \u00ab\u00a0CENTRE CULTUREL RENE MAGRITTE\u00a0\u00bb en collaboration avec l&rsquo;Asbl S.P.T.J.A. organise le 4\u00e8me festival d&rsquo;accord\u00e9on le dimanche 8 Septembre 2019 d\u00e9s 12h30 \u00e0 Lessines (Belgique) retrouvez NICOLE BERGES, <a href=\"http:\/\/www.erika.be\" target=\"_blank\" rel=\"noopener noreferrer\">Erika<\/a> la princesse de l&rsquo;accord\u00e9on et Son Orchestre , PIERRE DEVOS, JACQUES SCOURNEAU, DAVID FREVIER Info: 0032475205804<\/p>\n","protected":false},"excerpt":{"rendered":"<p>LE \u00ab\u00a0CENTRE CULTUREL RENE MAGRITTE\u00a0\u00bb en collaboration avec l&rsquo;Asbl S.P.T.J.A. organise le 4\u00e8me festival d&rsquo;accord\u00e9on le dimanche 8 Septembre 2019 d\u00e9s 12h30 \u00e0 Lessines (Belgique)&#8230;<\/p>\n","protected":false},"author":1,"featured_media":0,"comment_status":"closed","ping_status":"open","sticky":false,"template":"","format":"standard","meta":[],"categories":[1],"tags":[],"_links":{"self":[{"href":"https:\/\/www.musicadeon.com\/index.php\/wp-json\/wp\/v2\/posts\/4252"}],"collection":[{"href":"https:\/\/www.musicadeon.com\/index.php\/wp-json\/wp\/v2\/posts"}],"about":[{"href":"https:\/\/www.musicadeon.com\/index.php\/wp-json\/wp\/v2\/types\/post"}],"author":[{"embeddable":true,"href":"https:\/\/www.musicadeon.com\/index.php\/wp-json\/wp\/v2\/users\/1"}],"replies":[{"embeddable":true,"href":"https:\/\/www.musicadeon.com\/index.php\/wp-json\/wp\/v2\/comments?post=4252"}],"version-history":[{"count":0,"href":"https:\/\/www.musicadeon.com\/index.php\/wp-json\/wp\/v2\/posts\/4252\/revisions"}],"wp:attachment":[{"href":"https:\/\/www.musicadeon.com\/index.php\/wp-json\/wp\/v2\/media?parent=4252"}],"wp:term":[{"taxonomy":"category","embeddable":true,"href":"https:\/\/www.musicadeon.com\/index.php\/wp-json\/wp\/v2\/categories?post=4252"},{"taxonomy":"post_tag","embeddable":true,"href":"https:\/\/www.musicadeon.com\/index.php\/wp-json\/wp\/v2\/tags?post=4252"}],"curies":[{"name":"wp","href":"https:\/\/api.w.org\/{rel}","templated":true}]}}