{"id":432,"date":"2002-12-30T01:00:00","date_gmt":"2002-12-30T00:00:00","guid":{"rendered":"http:\/\/www.musicadeon.com\/index.php\/2002\/12\/30\/a-vos-agendas-19-01-2003-2\/"},"modified":"2002-12-30T01:00:00","modified_gmt":"2002-12-30T00:00:00","slug":"a-vos-agendas-19-01-2003-2","status":"publish","type":"post","link":"https:\/\/www.musicadeon.com\/index.php\/2002\/12\/30\/a-vos-agendas-19-01-2003-2\/","title":{"rendered":"\u00c0 vos agendas (19-01-2003)"},"content":{"rendered":"<p>le Dimanche 19 janvier \u00e0 15h au Dancing \u00ab\u00a0LE SILO\u00a0\u00bb chauss\u00e9e romaine \u00e0 saint Quentin (FRANCE) retrouver Cathy,Jean Michel &#038; Jean-Mi et son ensenble pour un th\u00e9 dansant<\/p>\n","protected":false},"excerpt":{"rendered":"<p>le Dimanche 19 janvier \u00e0 15h au Dancing \u00ab\u00a0LE SILO\u00a0\u00bb chauss\u00e9e romaine \u00e0 saint Quentin (FRANCE) retrouver Cathy,Jean Michel &#038; Jean-Mi et son ensenble pour&#8230;<\/p>\n","protected":false},"author":1,"featured_media":0,"comment_status":"closed","ping_status":"open","sticky":false,"template":"","format":"standard","meta":[],"categories":[1],"tags":[],"_links":{"self":[{"href":"https:\/\/www.musicadeon.com\/index.php\/wp-json\/wp\/v2\/posts\/432"}],"collection":[{"href":"https:\/\/www.musicadeon.com\/index.php\/wp-json\/wp\/v2\/posts"}],"about":[{"href":"https:\/\/www.musicadeon.com\/index.php\/wp-json\/wp\/v2\/types\/post"}],"author":[{"embeddable":true,"href":"https:\/\/www.musicadeon.com\/index.php\/wp-json\/wp\/v2\/users\/1"}],"replies":[{"embeddable":true,"href":"https:\/\/www.musicadeon.com\/index.php\/wp-json\/wp\/v2\/comments?post=432"}],"version-history":[{"count":0,"href":"https:\/\/www.musicadeon.com\/index.php\/wp-json\/wp\/v2\/posts\/432\/revisions"}],"wp:attachment":[{"href":"https:\/\/www.musicadeon.com\/index.php\/wp-json\/wp\/v2\/media?parent=432"}],"wp:term":[{"taxonomy":"category","embeddable":true,"href":"https:\/\/www.musicadeon.com\/index.php\/wp-json\/wp\/v2\/categories?post=432"},{"taxonomy":"post_tag","embeddable":true,"href":"https:\/\/www.musicadeon.com\/index.php\/wp-json\/wp\/v2\/tags?post=432"}],"curies":[{"name":"wp","href":"https:\/\/api.w.org\/{rel}","templated":true}]}}