{"id":507,"date":"2003-01-20T01:00:00","date_gmt":"2003-01-20T00:00:00","guid":{"rendered":"http:\/\/www.musicadeon.com\/index.php\/2003\/01\/20\/a-vos-agendas-08-03-2003\/"},"modified":"2003-01-20T01:00:00","modified_gmt":"2003-01-20T00:00:00","slug":"a-vos-agendas-08-03-2003","status":"publish","type":"post","link":"https:\/\/www.musicadeon.com\/index.php\/2003\/01\/20\/a-vos-agendas-08-03-2003\/","title":{"rendered":"\u00c0 vos agendas (08-03-2003)"},"content":{"rendered":"<p>Samedi 8 Mars 20h00 Chapiteau \u00ab\u00a0Chevauchoir\u00a0\u00bb \u00e0 Lesves (Belgique) retrouver l&rsquo;accord\u00e9oniste GUY TILLIEUX pour une soir\u00e9e dansante Info:++32(0)71.79.88.99<\/p>\n","protected":false},"excerpt":{"rendered":"<p>Samedi 8 Mars 20h00 Chapiteau \u00ab\u00a0Chevauchoir\u00a0\u00bb \u00e0 Lesves (Belgique) retrouver l&rsquo;accord\u00e9oniste GUY TILLIEUX pour une soir\u00e9e dansante Info:++32(0)71.79.88.99<\/p>\n","protected":false},"author":1,"featured_media":0,"comment_status":"closed","ping_status":"open","sticky":false,"template":"","format":"standard","meta":[],"categories":[1],"tags":[],"_links":{"self":[{"href":"https:\/\/www.musicadeon.com\/index.php\/wp-json\/wp\/v2\/posts\/507"}],"collection":[{"href":"https:\/\/www.musicadeon.com\/index.php\/wp-json\/wp\/v2\/posts"}],"about":[{"href":"https:\/\/www.musicadeon.com\/index.php\/wp-json\/wp\/v2\/types\/post"}],"author":[{"embeddable":true,"href":"https:\/\/www.musicadeon.com\/index.php\/wp-json\/wp\/v2\/users\/1"}],"replies":[{"embeddable":true,"href":"https:\/\/www.musicadeon.com\/index.php\/wp-json\/wp\/v2\/comments?post=507"}],"version-history":[{"count":0,"href":"https:\/\/www.musicadeon.com\/index.php\/wp-json\/wp\/v2\/posts\/507\/revisions"}],"wp:attachment":[{"href":"https:\/\/www.musicadeon.com\/index.php\/wp-json\/wp\/v2\/media?parent=507"}],"wp:term":[{"taxonomy":"category","embeddable":true,"href":"https:\/\/www.musicadeon.com\/index.php\/wp-json\/wp\/v2\/categories?post=507"},{"taxonomy":"post_tag","embeddable":true,"href":"https:\/\/www.musicadeon.com\/index.php\/wp-json\/wp\/v2\/tags?post=507"}],"curies":[{"name":"wp","href":"https:\/\/api.w.org\/{rel}","templated":true}]}}