{"id":508,"date":"2003-01-24T01:00:00","date_gmt":"2003-01-24T00:00:00","guid":{"rendered":"http:\/\/www.musicadeon.com\/index.php\/2003\/01\/24\/les-cd-de-vos-artistes-preferes\/"},"modified":"2003-01-24T01:00:00","modified_gmt":"2003-01-24T00:00:00","slug":"les-cd-de-vos-artistes-preferes","status":"publish","type":"post","link":"https:\/\/www.musicadeon.com\/index.php\/2003\/01\/24\/les-cd-de-vos-artistes-preferes\/","title":{"rendered":"Les CD de vos Artistes pr\u00e9f\u00e9r\u00e9s"},"content":{"rendered":"<p><H1><I><B><FONT color=#336600 size=4>Le but de l\u2019asbl STPJA \u00e9tant de promouvoir les artistes, nous avons d\u00e9cid\u00e9, avec l\u2019aimable complicit\u00e9 de la maison de production \u00ab&nbsp;Johanna&nbsp;\u00bb, de les aider dans leur d\u00e9marche.<\/FONT><\/B><\/I><\/H1><P><FONT color=#ff00cc><I><B><FONT color=#996600>Plusieurs d\u2019entre-eux nous ont d\u00e9mand\u00e9 s\u2019il \u00e9tait possible de faire conna\u00eetre leur r\u00e9pertoire de musique au public \u00e0 travers nos diff\u00e9rentes manifestations et via notre site<\/FONT><\/B><\/I> <\/FONT><A href=\"http:\/\/www.sptja.com\/\">www.sptja.com<\/A>.<\/P><P><B><I><FONT color=#996600>D\u00e8s la cr\u00e9ation de l\u2019asbl, nous avons essay\u00e9 de les int\u00e9grer dans nos activit\u00e9s.<\/FONT><\/I><\/B><\/P><P><B><I><FONT color=#996600>Il y a quelques semaines, nous leur avons propos\u00e9s de mettre en pr\u00eat leurs albums et de les promouvoir par tous les moyens de communication dont nous disposons : publicit\u00e9 dans la presse, Internet, <FONT color=#ff0000>Radio Musicad\u00e9on<\/FONT>, manifestations\u2026<\/FONT><\/I><\/B><\/P><P><B><I><FONT color=#996600>Nous voudrions \u00e0 cette occasion remercier la maison de production <FONT color=#ff0066>\u00ab&nbsp;Johanna<\/FONT>&nbsp;\u00bb pour l\u2019aide pr\u00e9cieuse qu\u2019elle nous apporte et pour le pr\u00e9sentoir qu\u2019elle a plac\u00e9 dans les bureaux de notre asbl..<\/FONT><\/I><\/B><\/P><P><B><I><FONT color=#996600>Nous sommes d\u00e9j\u00e0 en mesure de vous proposer une s\u00e9lection de CD dont nous \u00e9num\u00e9rons le nom des artistes :<\/FONT><\/I><\/B><\/P><P><B><I><FONT color=#996600><IMG id=hb_new_animation height=46 src=\"http:\/\/skins.hotbar.com\/skins\/mailskins\/em\/030203\/030203gnome1_prv.gif\" width=49 hbtype=\"em\"><IMG id=hb_new_animation height=46 src=\"http:\/\/skins.hotbar.com\/skins\/mailskins\/em\/030203\/030203gnome1_prv.gif\" width=49 hbtype=\"em\"><\/FONT><\/I><\/B><\/P><P align=center><IMG style=\"WIDTH:48px;HEIGHT:44px\" height=72 src=\"\/A\/N\/D\/Logo-sptja-web.jpg\" width=120> <\/P><P><B><I><FONT size=7><FONT color=#060><FONT color=#000066 size=5>Accord\u00e9onistes :<\/FONT><FONT size=6> <\/FONT><\/FONT><FONT color=#cc3300 size=4>Albert Hennebel, Andr\u00e9 Loppe,La princesse de l&rsquo;accord\u00e9on Erika, Denis Gigot, Jean-Pierre Lepoivre, Willy Staquet, Guy Tillieux, Michel Pruvot, Zinzin, Ren\u00e9 Ninforge, Regis Vitse, Guy Denys, Jo Privat, Yvette Horner, Le Grand Julot, Jacques Huygens, Roger Fyon, Les filles aux doigts d\u2019or, Arnaud Delsaux,Jacqueline R\u00e9simont, Jean-Marc Torchy, Tony et Claudio, Anthony Basilico,Fran&ccedil;is Jacques, Sabrina Guislain, Jo Martens, Laurent Pire, Patrick Sengers \u2026<\/FONT><\/FONT><\/I><\/B><\/P><P><B><I><FONT color=#cc3300 size=4>Chanteurs : Baldo, Annie Loris, Etienne &amp; Eug\u00e8ne, Pierre Millan, Gigi Rey, Ray Franky,Carine et Rebecca, Jean-Claude Lahaye, Maddy Lassaux, Henry Golan, Marie, Giani Franco, Franck Johan, FlashBack qui vous interpr\u00e8te les musiques d\u2019ambiances et les titres du hit-parade\u2026<\/FONT><\/I><\/B><\/P><P><B><I><FONT color=#900 size=5>Et la liste ne fait que de s\u2019accro\u00eetre.<\/FONT><\/I><\/B><\/P><P><B><I><FONT color=#996600>Si vous \u00e9tes int\u00e9ress\u00e9s par l\u2019un de ces CD ou m\u00eame un autre, nous sommes en mesure de vous les procurer. Le prix demand\u00e9 est en fonction du CD choisi. Pour de plus amples renseignements, vous pouvez nous joindre au ++32(0)475 20 58 04. e-mail: <A href=\"mailto:sptja@sptja.com\">sptja@sptja.com<\/A> A partir de la mi-mars, vous pourrez consulter le listing des CD avec leur prix sur notre site.<\/FONT><\/I><\/B><\/P><P><B><I><FONT color=#996600>Si vous \u00eates un artiste, m\u00eame d\u00e9butant, nous pouvons \u00e9galement vous apporter notre aide, et vous mettre en contact avec d\u2019autres vedettes.<\/FONT><\/I><\/B><\/P><P><B><I><FONT color=#996600>Musicalement v\u00f4tre,<\/FONT><\/I><\/B><\/P><P><B><I><U><FONT color=#3300ff>Mme Honorez ,<\/FONT><\/U><\/I><\/B><\/P><P><B><I><U><FONT color=#3300ff>Pr\u00e9sidente de l\u2019asbl S.P.T.J.A.<\/FONT><\/U><\/I><\/B><\/P><\/p>\n","protected":false},"excerpt":{"rendered":"<p>Le but de l\u2019asbl STPJA \u00e9tant de promouvoir les artistes, nous avons d\u00e9cid\u00e9, avec l\u2019aimable complicit\u00e9 de la maison de production \u00ab&nbsp;Johanna&nbsp;\u00bb, de les aider&#8230;<\/p>\n","protected":false},"author":1,"featured_media":0,"comment_status":"closed","ping_status":"open","sticky":false,"template":"","format":"standard","meta":[],"categories":[3],"tags":[5],"_links":{"self":[{"href":"https:\/\/www.musicadeon.com\/index.php\/wp-json\/wp\/v2\/posts\/508"}],"collection":[{"href":"https:\/\/www.musicadeon.com\/index.php\/wp-json\/wp\/v2\/posts"}],"about":[{"href":"https:\/\/www.musicadeon.com\/index.php\/wp-json\/wp\/v2\/types\/post"}],"author":[{"embeddable":true,"href":"https:\/\/www.musicadeon.com\/index.php\/wp-json\/wp\/v2\/users\/1"}],"replies":[{"embeddable":true,"href":"https:\/\/www.musicadeon.com\/index.php\/wp-json\/wp\/v2\/comments?post=508"}],"version-history":[{"count":0,"href":"https:\/\/www.musicadeon.com\/index.php\/wp-json\/wp\/v2\/posts\/508\/revisions"}],"wp:attachment":[{"href":"https:\/\/www.musicadeon.com\/index.php\/wp-json\/wp\/v2\/media?parent=508"}],"wp:term":[{"taxonomy":"category","embeddable":true,"href":"https:\/\/www.musicadeon.com\/index.php\/wp-json\/wp\/v2\/categories?post=508"},{"taxonomy":"post_tag","embeddable":true,"href":"https:\/\/www.musicadeon.com\/index.php\/wp-json\/wp\/v2\/tags?post=508"}],"curies":[{"name":"wp","href":"https:\/\/api.w.org\/{rel}","templated":true}]}}