{"id":512,"date":"2003-01-24T01:00:00","date_gmt":"2003-01-24T00:00:00","guid":{"rendered":"http:\/\/www.musicadeon.com\/index.php\/2003\/01\/24\/paul-piron-editions-art-in-belgium\/"},"modified":"2003-01-24T01:00:00","modified_gmt":"2003-01-24T00:00:00","slug":"paul-piron-editions-art-in-belgium","status":"publish","type":"post","link":"https:\/\/www.musicadeon.com\/index.php\/2003\/01\/24\/paul-piron-editions-art-in-belgium\/","title":{"rendered":"Paul Piron-Editions Art in Belgium"},"content":{"rendered":"<p><P style=\"BACKGROUND:#003399;TEXT-ALIGN:center\" align=center><B><SPAN style=\"FONT-SIZE:13pt;COLOR:white;FONT-FAMILY:'Palatino Linotype'; LETTER-SPACING: 1pt;\">DE <SPAN class=SpellE>BELGISCHE<\/SPAN> <SPAN class=SpellE>BEELDENDE<\/SPAN> KUNSTENAARS <\/SPAN><\/B><\/P><P style=\"BACKGROUND:#003399;TEXT-ALIGN:center\" align=center><B><SPAN style=\"FONT-SIZE:13pt;COLOR:white;FONT-FAMILY:'Palatino Linotype'; LETTER-SPACING: 1pt;\">UIT DE <SPAN class=SpellE>19de<\/SPAN> EN DE 20ste <SPAN class=SpellE>EEUW<\/SPAN><\/p>\n<p><\/SPAN><\/B><\/P><P style=\"BACKGROUND:#003399;TEXT-ALIGN:center\" align=center><B><SPAN style=\"FONT-SIZE:4pt;COLOR:white;FONT-FAMILY:'Palatino Linotype'; LETTER-SPACING: 1pt;\"><\/p>\n<p><\/SPAN><\/B><\/P><P style=\"BACKGROUND:#003399;TEXT-ALIGN:center\" align=center><SPAN style=\"FONT-SIZE:10pt;COLOR:white;FONT-FAMILY:'Palatino Linotype'; LETTER-SPACING: 1pt;\">Paul PIRON \u2013 Editions Art in Belgium<\/p>\n<p><\/SPAN><\/P><P style=\"BACKGROUND:#003399;TEXT-ALIGN:center\" align=center><B><SPAN style=\"FONT-SIZE:6pt;COLOR:white;FONT-FAMILY:'Times New Roman'\"><\/p>\n<p><\/SPAN><\/B><\/P><P style=\"BACKGROUND:#000066;TEXT-ALIGN:justify;FONT-FAMILY:'Times New Roman';\"><\/p>\n<p><\/SPAN><\/P><P style=\"BACKGROUND:#000066;TEXT-ALIGN:justify\"><SPAN lang=NL style=\"FONT-SIZE:11pt;COLOR:white;FONT-FAMILY:'Times New Roman';\">D\u00e9j\u00e0 auteur de deux ouvrages de r\u00e9f\u00e9rence consacr\u00e9s aux signatures des artistes belges, Paul Piron nous a livr\u00e9 l\u2019\u0153uvre d\u2019une vie. <\/p>\n<p><\/SPAN><\/P><P style=\"BACKGROUND:#000066;TEXT-ALIGN:justify\"><SPAN lang=NL style=\"COLOR:white;FONT-FAMILY:'Times New Roman';\"><SPAN style=\"\"><\/SPAN><\/SPAN><SPAN lang=NL style=\"FONT-SIZE:5pt;COLOR:white;FONT-FAMILY:'Times New Roman';\"><\/p>\n<p><\/SPAN><\/P><P style=\"BACKGROUND:#000066;TEXT-ALIGN:justify\"><SPAN lang=NL style=\"FONT-SIZE:11pt;COLOR:white;FONT-FAMILY:'Times New Roman';\">Depuis plus de trente ans, il rassemble, classe, met \u00e0 jour une impressionnante documentation consacr\u00e9e aux artistes belges des 19<SUP>e<\/SUP> et 20<SUP>e<\/SUP> si\u00e8cles. Cinq ans ont \u00e9t\u00e9 n\u00e9cessaires \u00e0 la r\u00e9daction de ce r\u00e9pertoire qui n\u2019a cess\u00e9 d\u2019\u00eatre mis \u00e0 jour, d\u2019\u00eatre retravaill\u00e9 et cela jusque dans les derniers mois pr\u00e9c\u00e9dant sa parution. <\/p>\n<p><\/SPAN><\/P><P style=\"BACKGROUND:#000066;TEXT-ALIGN:justify\"><SPAN lang=NL style=\"FONT-SIZE:5pt;COLOR:white;FONT-FAMILY:'Times New Roman';\"><\/p>\n<p><\/SPAN><\/P><P style=\"BACKGROUND:#000066;TEXT-ALIGN:justify\"><SPAN lang=NL style=\"FONT-SIZE:11pt;COLOR:white;FONT-FAMILY:'Times New Roman';\">Avec plus de <U>23.000 notices<\/U>, le BBK (\u00e9dition en langue n\u00e9erlandaise) est \u00e0 ce jour le r\u00e9pertoire le plus complet consacr\u00e9 \u00e0 l\u2019art belge. Peintres, dessinateurs, sculpteurs, graveurs&#8230;, tous les genres et toutes les tendances y sont mentionn\u00e9s, avec de nombreuses donn\u00e9es biographiques et une pr\u00e9sentation<SPAN style=\"\"> <\/SPAN>de l\u2019\u0153uvre et de l\u2019\u00e9volution de chaque artiste. <\/p>\n<p><\/SPAN><\/P><P style=\"BACKGROUND:#000066;TEXT-ALIGN:justify\"><SPAN lang=NL style=\"FONT-SIZE:5pt;COLOR:white;FONT-FAMILY:'Times New Roman';\"><\/p>\n<p><\/SPAN><\/P><P style=\"BACKGROUND:#000066;TEXT-ALIGN:justify\"><SPAN lang=NL style=\"FONT-SIZE:11pt;COLOR:white;FONT-FAMILY:'Times New Roman';\">Un ouvrage de r\u00e9f\u00e9rence indispensable \u00e0 tous les amateurs ou professionnels de l\u2019art.<\/p>\n<p><\/SPAN><\/P><P style=\"BACKGROUND:#000066;TEXT-ALIGN:justify\"><SPAN lang=NL style=\"COLOR:white;FONT-FAMILY:'Times New Roman';\"><\/p>\n<p><\/SPAN><\/P><P style=\"BACKGROUND:#000066;TEXT-ALIGN:center\" align=center><I style=\"\"><SPAN lang=NL style=\"FONT-SIZE:11pt;COLOR:white;FONT-FAMILY:'Times New Roman';TEXT-ALIGN:center\" align=center><I style=\"\"><SPAN lang=NL style=\"COLOR:white;FONT-FAMILY:'Times New Roman';\"><\/p>\n<p><\/SPAN><\/I><\/P><P style=\"BACKGROUND:#000066;TEXT-ALIGN:center\" align=center><B style=\"\"><SPAN lang=NL style=\"FONT-SIZE:11pt;COLOR:white;FONT-FAMILY:'Times New Roman';\">Recevez votre exemplaire en versant la somme de 75 \u20ac sur le compte 001-3195300-02 \u00e0 l\u2019ordre<\/p>\n<p><\/SPAN><\/B><\/P><P style=\"BACKGROUND:#000066;TEXT-ALIGN:center\" align=center><B style=\"\"><SPAN lang=NL style=\"FONT-SIZE:11pt;COLOR:white;FONT-FAMILY:'Times New Roman';\">d\u2019 ART IN BELGIUM, Vieux Chemin de Wavre 93, 1380 Lasne. <\/p>\n<p><\/SPAN><\/B><\/P><P style=\"BACKGROUND:#000066;TEXT-ALIGN:center\" align=center><B style=\"\"><SPAN lang=NL style=\"FONT-SIZE:11pt;COLOR:white;FONT-FAMILY:'Times New Roman';\">T\u00e9l: 02\/736.69.99 &#8211; Fax: 02\/736.65.49 &#8211; E-Mail: <A href=\"mailto:artinbelgium@skynet.be\"><SPAN lang=FR style=\"COLOR:white;TEXT-DECORATION:none;text-underline:none\">artinbelgium@skynet.be<\/SPAN><\/A>. <\/p>\n<p><\/SPAN><\/B><\/P><P style=\"BACKGROUND:#000066;TEXT-ALIGN:center\" align=center><B style=\"\"><SPAN lang=NL style=\"FONT-SIZE:11pt;COLOR:white;FONT-FAMILY:'Times New Roman';\">Votre exemplaire vous sera envoy\u00e9 d\u00e8s r\u00e9ception de votre paiement.<\/p>\n<p><\/SPAN><\/B><\/P><P style=\"BACKGROUND:#000066;TEXT-ALIGN:center\" align=center><SPAN lang=NL style=\"FONT-SIZE:14pt;COLOR:red;FONT-FAMILY:'Times New Roman';&shy;&shy;&shy;&shy;<\/SPAN><SPAN lang=NL style=\"FONT-SIZE:14pt;COLOR:#3366ff;FONT-FAMILY:'Times New Roman';TEXT-ALIGN:justify\"><SPAN lang=NL style=\"font-family:'Times New Roman';TEXT-ALIGN:center\" align=center><SPAN lang=NL style=\"FONT-SIZE:6pt;COLOR:white;FONT-FAMILY:'Times New Roman';TEXT-ALIGN:center\" align=center><B><SPAN style=\"FONT-SIZE:13pt;COLOR:white;FONT-FAMILY:'Palatino Linotype'; LETTER-SPACING: 1pt;\">DE <SPAN class=SpellE>BELGISCHE<\/SPAN> <SPAN class=SpellE>BEELDENDE<\/SPAN> <SPAN class=SpellE>KUNSTENAARS<\/SPAN> <\/p>\n<p><\/SPAN><\/B><\/P><P style=\"BACKGROUND:#003399;TEXT-ALIGN:center\" align=center><B><SPAN style=\"FONT-SIZE:13pt;COLOR:white;FONT-FAMILY:'Palatino Linotype'; LETTER-SPACING: 1pt;\">UIT DE <SPAN class=SpellE>19de<\/SPAN> EN DE <SPAN class=SpellE>20ste<\/SPAN> <SPAN class=SpellE>EEUW<\/SPAN> <\/p>\n<p><\/SPAN><\/B><\/P><P style=\"BACKGROUND:#003399;tab-stops:172.5pt\"><B><SPAN style=\"FONT-SIZE:8pt;COLOR:white;FONT-FAMILY:'Palatino Linotype'; LETTER-SPACING: 1pt;\"><SPAN style=\"\"><\/SPAN><\/SPAN><SPAN style=\"FONT-SIZE:4pt;COLOR:white;FONT-FAMILY:'Palatino Linotype'; LETTER-SPACING: 1pt;\"><\/p>\n<p><\/SPAN><\/B><\/P><P style=\"BACKGROUND:#003399;TEXT-ALIGN:center\" align=center><SPAN style=\"FONT-SIZE:10pt;COLOR:white;FONT-FAMILY:'Palatino Linotype'; LETTER-SPACING: 1pt;\">Paul Piron \u2013 <SPAN class=SpellE>Uitgeverij<\/SPAN> Art in Belgium<\/p>\n<p><\/SPAN><\/P><P style=\"BACKGROUND:#003399;tab-stops:308.25pt\"><SPAN lang=NL style=\"COLOR:white;FONT-FAMILY:'Times New Roman';COLOR:white;FONT-FAMILY:'Times New Roman';TEXT-ALIGN:justify;\"><\/SPAN><SPAN lang=NL style=\"FONT-SIZE:10pt;COLOR:white;FONT-FAMILY:'Times New Roman';\"><\/p>\n<p><\/SPAN><\/P><P style=\"BACKGROUND:#000066;TEXT-ALIGN:justify\"><SPAN lang=NL style=\"FONT-SIZE:11pt;COLOR:white;FONT-FAMILY:'Times New Roman';\">Paul Piron, auteur van twee naslagwerken die gewijd zijn aan de handtekeningen van de Belgische kunstenaars, stelt ons een levenswerk voor. <\/p>\n<p><\/SPAN><\/P><P style=\"BACKGROUND:#000066;TEXT-INDENT:35.4pt;TEXT-ALIGN:justify;tab-stops:87.0pt\"><SPAN lang=NL style=\"FONT-SIZE:8pt;COLOR:white;FONT-FAMILY:'Times New Roman';\"><SPAN style=\"\"><\/SPAN><\/SPAN><SPAN lang=NL style=\"FONT-SIZE:5pt;COLOR:white;FONT-FAMILY:'Times New Roman';\"><\/p>\n<p><\/SPAN><\/P><P style=\"BACKGROUND:#000066;TEXT-ALIGN:justify\"><SPAN lang=NL style=\"FONT-SIZE:11pt;COLOR:white;FONT-FAMILY:'Times New Roman';\">Sinds meer dan dertig jaar, verzamelt, ordent en actualiseert hij een indrukwekkende documentatie die geheel gewijd is aan de Belgische kunstenaars van de negentiende en twintigste eeuw. Vijf jaren waren nodig voor het samenstellen van dit repertorium dat steeds opnieuw werd geactualiseerd, herwerkt en dit tot in de laatste maanden voor zijn verschijning. <\/p>\n<p><\/SPAN><\/P><P style=\"BACKGROUND:#000066;TEXT-ALIGN:justify;tab-stops:45.75pt\"><SPAN lang=NL style=\"FONT-SIZE:8pt;COLOR:white;FONT-FAMILY:'Times New Roman';\"><SPAN style=\"\"><\/SPAN><\/SPAN><SPAN lang=NL style=\"FONT-SIZE:5pt;COLOR:white;FONT-FAMILY:'Times New Roman';\"><\/p>\n<p><\/SPAN><\/P><P style=\"BACKGROUND:#000066;TEXT-ALIGN:justify\"><SPAN lang=NL style=\"FONT-SIZE:11pt;COLOR:white;FONT-FAMILY:'Times New Roman';\">Met meer dan <U>23.000 vermelde kunstenaars<\/U>, is de B.B.K. momenteel het meest volledige repertorium gewijd aan de Belgische kunst. Schilders, tekenaars, beeldhouwers&#8230;, van alle genres worden erin vermeld met geactualiseerde commentaren, vele biografische gegevens en een bondige voorstelling van het kunstwerk en de evolutie van elke kunstenaar.<\/p>\n<p><\/SPAN><\/P><P style=\"BACKGROUND:#000066;TEXT-ALIGN:justify\"><SPAN lang=NL style=\"COLOR:white;FONT-FAMILY:'Times New Roman';\"><SPAN style=\"\"><\/SPAN><\/p>\n<p><\/SPAN><\/P><P style=\"BACKGROUND:#000066;TEXT-ALIGN:center\" align=center><I><SPAN lang=NL style=\"FONT-SIZE:11pt;COLOR:white;FONT-FAMILY:'Times New Roman';TEXT-ALIGN:justify\"><SPAN lang=NL style=\"COLOR:white;FONT-FAMILY:'Times New Roman';\"><\/p>\n<p><\/SPAN><\/P><P style=\"BACKGROUND:#000066;TEXT-ALIGN:center\" align=center><B style=\"\"><SPAN lang=NL style=\"FONT-SIZE:11pt;COLOR:white;FONT-FAMILY:'Times New Roman';\">Het boek<SPAN style=\"\"> <\/SPAN>is in alle Standaardboekhandels te verkrijgen. <\/p>\n<p><\/SPAN><\/B><\/P><P style=\"BACKGROUND:#000066;TEXT-ALIGN:center\" align=center><B style=\"\"><SPAN lang=NL style=\"FONT-SIZE:11pt;COLOR:white;FONT-FAMILY:'Times New Roman';\">Mag ook bij de uitgever besteld worden door het bedrag van 75 euro\u2019s te storten op rek. 001-3195300-02 van UITGEVERIJ ART IN BELGIUM, Oude Waversesteenweg 93, 1380 Lasne. <\/p>\n<p><\/SPAN><\/B><\/P><P style=\"BACKGROUND:#000066;TEXT-ALIGN:center\" align=center><B style=\"\"><SPAN lang=NL style=\"FONT-SIZE:11pt;COLOR:white;FONT-FAMILY:'Times New Roman';\">Tel: 02\/736.69.99 &#8211; Fax: 02\/736.65.49 &#8211; E-Mail: <A href=\"mailto:artinbelgium@skynet.be\"><SPAN lang=FR style=\"COLOR:white;TEXT-DECORATION:none;text-underline:none\">artinbelgium@skynet.be<\/SPAN><\/A>. <\/p>\n<p><\/SPAN><\/B><\/P><P style=\"BACKGROUND:#000066;TEXT-ALIGN:justify\"><SPAN lang=NL style=\"FONT-SIZE:14pt;COLOR:#3366ff;FONT-FAMILY:'Times New Roman';TEXT-ALIGN:center\" align=center><SPAN lang=NL style=\"FONT-SIZE:14pt;COLOR:#3366ff;FONT-FAMILY:'Times New Roman';TEXT-ALIGN:center\" align=center><B><SPAN lang=EN-GB style=\"FONT-SIZE:11pt;COLOR:red;FONT-FAMILY:'Times New Roman';TEXT-ALIGN:center\" align=center><B><SPAN lang=EN-GB style=\"COLOR:red;FONT-FAMILY:'Times New Roman';\"><\/p>\n<p><\/SPAN><\/B><\/P><\/p>\n","protected":false},"excerpt":{"rendered":"<p>DE BELGISCHE BEELDENDE KUNSTENAARS UIT DE 19de EN DE 20ste EEUW Paul PIRON \u2013 Editions Art in Belgium D\u00e9j\u00e0 auteur de deux ouvrages de r\u00e9f\u00e9rence&#8230;<\/p>\n","protected":false},"author":1,"featured_media":0,"comment_status":"closed","ping_status":"open","sticky":false,"template":"","format":"standard","meta":[],"categories":[3],"tags":[5],"_links":{"self":[{"href":"https:\/\/www.musicadeon.com\/index.php\/wp-json\/wp\/v2\/posts\/512"}],"collection":[{"href":"https:\/\/www.musicadeon.com\/index.php\/wp-json\/wp\/v2\/posts"}],"about":[{"href":"https:\/\/www.musicadeon.com\/index.php\/wp-json\/wp\/v2\/types\/post"}],"author":[{"embeddable":true,"href":"https:\/\/www.musicadeon.com\/index.php\/wp-json\/wp\/v2\/users\/1"}],"replies":[{"embeddable":true,"href":"https:\/\/www.musicadeon.com\/index.php\/wp-json\/wp\/v2\/comments?post=512"}],"version-history":[{"count":0,"href":"https:\/\/www.musicadeon.com\/index.php\/wp-json\/wp\/v2\/posts\/512\/revisions"}],"wp:attachment":[{"href":"https:\/\/www.musicadeon.com\/index.php\/wp-json\/wp\/v2\/media?parent=512"}],"wp:term":[{"taxonomy":"category","embeddable":true,"href":"https:\/\/www.musicadeon.com\/index.php\/wp-json\/wp\/v2\/categories?post=512"},{"taxonomy":"post_tag","embeddable":true,"href":"https:\/\/www.musicadeon.com\/index.php\/wp-json\/wp\/v2\/tags?post=512"}],"curies":[{"name":"wp","href":"https:\/\/api.w.org\/{rel}","templated":true}]}}