{"id":521,"date":"2003-02-04T01:00:00","date_gmt":"2003-02-04T00:00:00","guid":{"rendered":"http:\/\/www.musicadeon.com\/index.php\/2003\/02\/04\/45eme-anniversaire-accordeon-club-verdunois\/"},"modified":"2003-02-04T01:00:00","modified_gmt":"2003-02-04T00:00:00","slug":"45eme-anniversaire-accordeon-club-verdunois","status":"publish","type":"post","link":"https:\/\/www.musicadeon.com\/index.php\/2003\/02\/04\/45eme-anniversaire-accordeon-club-verdunois\/","title":{"rendered":"45\u00e8me Anniversaire Accord\u00e9on club Verdunois"},"content":{"rendered":"<p><DIV align=center><TABLE cellSpacing=0 cellPadding=0 width=400 align=center bgColor=#191970 border=0><TBODY><TR><TD vAlign=center align=middle><FONT face=\"Helvetica, Arial, sans-serif\" color=#ff6600><B><FONT size=+2>45\u00e8me ANNIVERSAIRE<BR>ACCORDEON CLUB VERDUNOIS<\/FONT><\/B><\/FONT><FONT face=\"Helvetica, Arial, sans-serif\"><BR><BR><\/FONT><FONT face=\"Helvetica, Arial, sans-serif\" color=#fff><FONT color=#fff size=+3>SAMEDI 8 FEVRIER 2003<\/FONT><FONT color=#fff><BR><B>\u00e0 21H00 Salle CASSIN &#8211; VERDUN (France 55)<BR><\/B><\/FONT><BR><\/FONT><FONT face=\"Helvetica, Arial, sans-serif\" color=#fff size=+3><FONT color=#ff6600>S<\/FONT>uper <FONT color=#ff6600>N<\/FONT>uit de l&rsquo;<FONT color=#ff6600>A<\/FONT>ccord\u00e9on<BR><\/FONT><FONT face=\"Helvetica, Arial, sans-serif\" color=#fff size=+1><BR>avec :<\/FONT><FONT size=+1><BR><\/FONT><FONT face=\"Helvetica, Arial, sans-serif\"><BR><\/FONT><FONT face=\"Helvetica, Arial, sans-serif\" color=#fff size=+1>la vedette Belge Patrick SENGERS,<BR>l&rsquo;Orchestre de G\u00e9rard RAUSCHER,<BR>Pascal HAAS, Jacco MAUCI,<BR>Beno\u00eet PLAITIN,<BR>les Jeunes Espoirs du Club<BR>et <B>Francis CARPENTIER<\/B><BR>Avec la participation de la chanteuse<BR><B>Sonia MORLET<\/B><\/FONT><BR><BR><FONT face=\"Helvetica, Arial, sans-serif\" color=#b0c4de>Entr\u00e9e : 20 Euros \u00ab\u00a0R\u00e9servation au 03 29 86 11 90\u00a0\u00bb Repas froid compris<\/FONT><\/TD><\/TR><\/TBODY><\/TABLE><BR><\/DIV><\/p>\n","protected":false},"excerpt":{"rendered":"<p>45\u00e8me ANNIVERSAIREACCORDEON CLUB VERDUNOISSAMEDI 8 FEVRIER 2003\u00e0 21H00 Salle CASSIN &#8211; VERDUN (France 55)Super Nuit de l&rsquo;Accord\u00e9onavec :la vedette Belge Patrick SENGERS,l&rsquo;Orchestre de G\u00e9rard RAUSCHER,Pascal&#8230;<\/p>\n","protected":false},"author":1,"featured_media":0,"comment_status":"closed","ping_status":"open","sticky":false,"template":"","format":"standard","meta":[],"categories":[3],"tags":[5],"_links":{"self":[{"href":"https:\/\/www.musicadeon.com\/index.php\/wp-json\/wp\/v2\/posts\/521"}],"collection":[{"href":"https:\/\/www.musicadeon.com\/index.php\/wp-json\/wp\/v2\/posts"}],"about":[{"href":"https:\/\/www.musicadeon.com\/index.php\/wp-json\/wp\/v2\/types\/post"}],"author":[{"embeddable":true,"href":"https:\/\/www.musicadeon.com\/index.php\/wp-json\/wp\/v2\/users\/1"}],"replies":[{"embeddable":true,"href":"https:\/\/www.musicadeon.com\/index.php\/wp-json\/wp\/v2\/comments?post=521"}],"version-history":[{"count":0,"href":"https:\/\/www.musicadeon.com\/index.php\/wp-json\/wp\/v2\/posts\/521\/revisions"}],"wp:attachment":[{"href":"https:\/\/www.musicadeon.com\/index.php\/wp-json\/wp\/v2\/media?parent=521"}],"wp:term":[{"taxonomy":"category","embeddable":true,"href":"https:\/\/www.musicadeon.com\/index.php\/wp-json\/wp\/v2\/categories?post=521"},{"taxonomy":"post_tag","embeddable":true,"href":"https:\/\/www.musicadeon.com\/index.php\/wp-json\/wp\/v2\/tags?post=521"}],"curies":[{"name":"wp","href":"https:\/\/api.w.org\/{rel}","templated":true}]}}