{"id":536,"date":"2003-02-25T01:00:00","date_gmt":"2003-02-25T00:00:00","guid":{"rendered":"http:\/\/www.musicadeon.com\/index.php\/2003\/02\/25\/grand-feu-a-fosse-la-ville\/"},"modified":"2003-02-25T01:00:00","modified_gmt":"2003-02-25T00:00:00","slug":"grand-feu-a-fosse-la-ville","status":"publish","type":"post","link":"https:\/\/www.musicadeon.com\/index.php\/2003\/02\/25\/grand-feu-a-fosse-la-ville\/","title":{"rendered":"Grand Feu  \u00e0 Fosse-la-Ville"},"content":{"rendered":"<p><b><i>Samedi 1 Mars \u00e0 Fosse-la-Ville d\u00e8s 20h Grand Feu et Br\u00fblage du Bonhomme d&rsquo;hiver<\/i><\/b><\/p>\n","protected":false},"excerpt":{"rendered":"<p>Samedi 1 Mars \u00e0 Fosse-la-Ville d\u00e8s 20h Grand Feu et Br\u00fblage du Bonhomme d&rsquo;hiver<\/p>\n","protected":false},"author":1,"featured_media":0,"comment_status":"closed","ping_status":"open","sticky":false,"template":"","format":"standard","meta":[],"categories":[3],"tags":[5],"_links":{"self":[{"href":"https:\/\/www.musicadeon.com\/index.php\/wp-json\/wp\/v2\/posts\/536"}],"collection":[{"href":"https:\/\/www.musicadeon.com\/index.php\/wp-json\/wp\/v2\/posts"}],"about":[{"href":"https:\/\/www.musicadeon.com\/index.php\/wp-json\/wp\/v2\/types\/post"}],"author":[{"embeddable":true,"href":"https:\/\/www.musicadeon.com\/index.php\/wp-json\/wp\/v2\/users\/1"}],"replies":[{"embeddable":true,"href":"https:\/\/www.musicadeon.com\/index.php\/wp-json\/wp\/v2\/comments?post=536"}],"version-history":[{"count":0,"href":"https:\/\/www.musicadeon.com\/index.php\/wp-json\/wp\/v2\/posts\/536\/revisions"}],"wp:attachment":[{"href":"https:\/\/www.musicadeon.com\/index.php\/wp-json\/wp\/v2\/media?parent=536"}],"wp:term":[{"taxonomy":"category","embeddable":true,"href":"https:\/\/www.musicadeon.com\/index.php\/wp-json\/wp\/v2\/categories?post=536"},{"taxonomy":"post_tag","embeddable":true,"href":"https:\/\/www.musicadeon.com\/index.php\/wp-json\/wp\/v2\/tags?post=536"}],"curies":[{"name":"wp","href":"https:\/\/api.w.org\/{rel}","templated":true}]}}