{"id":537,"date":"2003-02-25T01:00:00","date_gmt":"2003-02-25T00:00:00","guid":{"rendered":"http:\/\/www.musicadeon.com\/index.php\/2003\/02\/25\/carnaval-dheer-sur-meuse\/"},"modified":"2003-02-25T01:00:00","modified_gmt":"2003-02-25T00:00:00","slug":"carnaval-dheer-sur-meuse","status":"publish","type":"post","link":"https:\/\/www.musicadeon.com\/index.php\/2003\/02\/25\/carnaval-dheer-sur-meuse\/","title":{"rendered":"Carnaval d&rsquo;Heer-sur-Meuse"},"content":{"rendered":"<p><P><b><FONT color=#cc0033>Le Samedi 1 Mars<\/FONT><\/b><\/P><P><b><FONT color=#cc0033>petit voyage \u00e0 Heer-sur-Meuse d\u00e8s 18H30 d\u00e9fil\u00e9 dans les rues du village \u00e0 19H30 Bal costum\u00e9 en la salle \u00ab\u00a0Les Minouches\u00a0\u00bb<\/FONT><\/b><\/P><\/p>\n","protected":false},"excerpt":{"rendered":"<p>Le Samedi 1 Marspetit voyage \u00e0 Heer-sur-Meuse d\u00e8s 18H30 d\u00e9fil\u00e9 dans les rues du village \u00e0 19H30 Bal costum\u00e9 en la salle \u00ab\u00a0Les Minouches\u00a0\u00bb<\/p>\n","protected":false},"author":1,"featured_media":0,"comment_status":"closed","ping_status":"open","sticky":false,"template":"","format":"standard","meta":[],"categories":[3],"tags":[5],"_links":{"self":[{"href":"https:\/\/www.musicadeon.com\/index.php\/wp-json\/wp\/v2\/posts\/537"}],"collection":[{"href":"https:\/\/www.musicadeon.com\/index.php\/wp-json\/wp\/v2\/posts"}],"about":[{"href":"https:\/\/www.musicadeon.com\/index.php\/wp-json\/wp\/v2\/types\/post"}],"author":[{"embeddable":true,"href":"https:\/\/www.musicadeon.com\/index.php\/wp-json\/wp\/v2\/users\/1"}],"replies":[{"embeddable":true,"href":"https:\/\/www.musicadeon.com\/index.php\/wp-json\/wp\/v2\/comments?post=537"}],"version-history":[{"count":0,"href":"https:\/\/www.musicadeon.com\/index.php\/wp-json\/wp\/v2\/posts\/537\/revisions"}],"wp:attachment":[{"href":"https:\/\/www.musicadeon.com\/index.php\/wp-json\/wp\/v2\/media?parent=537"}],"wp:term":[{"taxonomy":"category","embeddable":true,"href":"https:\/\/www.musicadeon.com\/index.php\/wp-json\/wp\/v2\/categories?post=537"},{"taxonomy":"post_tag","embeddable":true,"href":"https:\/\/www.musicadeon.com\/index.php\/wp-json\/wp\/v2\/tags?post=537"}],"curies":[{"name":"wp","href":"https:\/\/api.w.org\/{rel}","templated":true}]}}