{"id":541,"date":"2003-02-25T01:00:00","date_gmt":"2003-02-25T00:00:00","guid":{"rendered":"http:\/\/www.musicadeon.com\/index.php\/2003\/02\/25\/journee-a-vezin-andenne\/"},"modified":"2003-02-25T01:00:00","modified_gmt":"2003-02-25T00:00:00","slug":"journee-a-vezin-andenne","status":"publish","type":"post","link":"https:\/\/www.musicadeon.com\/index.php\/2003\/02\/25\/journee-a-vezin-andenne\/","title":{"rendered":"Journ\u00e9e \u00e0 Vezin (Andenne)"},"content":{"rendered":"<p><P><FONT style=\"BACKGROUND-COLOR:#00ff00\"><b>Journ\u00e9e carnaval le Mardi Gras 4 Mars \u00e0 Vezin (Andenne)<\/b><\/FONT> <\/P><P><i><b>apr\u00e8s-midi passage d\u00e9guis\u00e9 avec distribution de gaufres ambiance assur\u00e9e<\/b><\/i><\/P><\/p>\n","protected":false},"excerpt":{"rendered":"<p>Journ\u00e9e carnaval le Mardi Gras 4 Mars \u00e0 Vezin (Andenne) apr\u00e8s-midi passage d\u00e9guis\u00e9 avec distribution de gaufres ambiance assur\u00e9e<\/p>\n","protected":false},"author":1,"featured_media":0,"comment_status":"closed","ping_status":"open","sticky":false,"template":"","format":"standard","meta":[],"categories":[3],"tags":[5],"_links":{"self":[{"href":"https:\/\/www.musicadeon.com\/index.php\/wp-json\/wp\/v2\/posts\/541"}],"collection":[{"href":"https:\/\/www.musicadeon.com\/index.php\/wp-json\/wp\/v2\/posts"}],"about":[{"href":"https:\/\/www.musicadeon.com\/index.php\/wp-json\/wp\/v2\/types\/post"}],"author":[{"embeddable":true,"href":"https:\/\/www.musicadeon.com\/index.php\/wp-json\/wp\/v2\/users\/1"}],"replies":[{"embeddable":true,"href":"https:\/\/www.musicadeon.com\/index.php\/wp-json\/wp\/v2\/comments?post=541"}],"version-history":[{"count":0,"href":"https:\/\/www.musicadeon.com\/index.php\/wp-json\/wp\/v2\/posts\/541\/revisions"}],"wp:attachment":[{"href":"https:\/\/www.musicadeon.com\/index.php\/wp-json\/wp\/v2\/media?parent=541"}],"wp:term":[{"taxonomy":"category","embeddable":true,"href":"https:\/\/www.musicadeon.com\/index.php\/wp-json\/wp\/v2\/categories?post=541"},{"taxonomy":"post_tag","embeddable":true,"href":"https:\/\/www.musicadeon.com\/index.php\/wp-json\/wp\/v2\/tags?post=541"}],"curies":[{"name":"wp","href":"https:\/\/api.w.org\/{rel}","templated":true}]}}