{"id":547,"date":"2003-02-28T01:00:00","date_gmt":"2003-02-28T00:00:00","guid":{"rendered":"http:\/\/www.musicadeon.com\/index.php\/2003\/02\/28\/12eme-portes-ouvertes-du-jardin-fleuri\/"},"modified":"2003-02-28T01:00:00","modified_gmt":"2003-02-28T00:00:00","slug":"12eme-portes-ouvertes-du-jardin-fleuri","status":"publish","type":"post","link":"https:\/\/www.musicadeon.com\/index.php\/2003\/02\/28\/12eme-portes-ouvertes-du-jardin-fleuri\/","title":{"rendered":"12\u00e8me portes ouvertes du Jardin Fleuri"},"content":{"rendered":"<p><P><B><FONT color=#060 size=4>La f\u00eate des fleurs \u00ab\u00a0Au Jardin Fleuri\u00a0\u00bb, ce sera le weekend du 10 mai 2003<\/FONT><\/B><\/P><P><B><FONT color=#060 size=4>4 rue du bourdon au chevauchoir 5170 Lesves (Belgique)<\/FONT><\/B><\/P><P><B><FONT color=#990033 size=4><U>Le Samedi 10 Mai sous chapiteau<\/U><\/FONT><\/B><\/P><P><FONT color=#ff9900 size=4>14h: Th\u00e9 dansant avec Jean-Marie au clavier et au chant acompagn\u00e9 de Claude \u00e0 la guitare et en interm\u00e8de, Jules Jasselette<\/FONT><\/P><P><FONT color=#ff9900 size=4>17h00: Jean-Claude Lahaye, Marie<\/FONT><\/P><P><B><FONT color=#330066 size=4><U>Le Dimanche 11 Mai<\/U><\/FONT><\/B><\/P><P><B><FONT color=#ff6600 size=4>10h00: Ap\u00e9ritif musical en compagnie de Aim\u00e9 Massart &amp; Jackie<\/FONT><\/B><\/P><P><B><FONT color=#ff6600 size=4>12h00: D\u00eener<\/FONT><\/B><\/P><P><B><FONT color=#ff6600 size=4>15h00: Pierre Millan, Pascal Viroux, Franck Johan, Henri Golan, Ga\u00ebtano<\/FONT><\/B><\/P><P><FONT color=#060 size=4><B><FONT size=5>Entr\u00e9e Gratuite les deux jours<\/FONT><\/B> <\/FONT><\/P><P><B><FONT color=#060 size=4>Cordiale invitation \u00e0 tous<\/FONT><\/B><\/P><BR><P align=center><IMG hspace=0 src=\"\/A\/N\/D\/jardin2003.jpg\" align=center border=0><\/P><\/p>\n","protected":false},"excerpt":{"rendered":"<p>La f\u00eate des fleurs \u00ab\u00a0Au Jardin Fleuri\u00a0\u00bb, ce sera le weekend du 10 mai 20034 rue du bourdon au chevauchoir 5170 Lesves (Belgique)Le Samedi 10&#8230;<\/p>\n","protected":false},"author":1,"featured_media":0,"comment_status":"closed","ping_status":"open","sticky":false,"template":"","format":"standard","meta":[],"categories":[3],"tags":[5],"_links":{"self":[{"href":"https:\/\/www.musicadeon.com\/index.php\/wp-json\/wp\/v2\/posts\/547"}],"collection":[{"href":"https:\/\/www.musicadeon.com\/index.php\/wp-json\/wp\/v2\/posts"}],"about":[{"href":"https:\/\/www.musicadeon.com\/index.php\/wp-json\/wp\/v2\/types\/post"}],"author":[{"embeddable":true,"href":"https:\/\/www.musicadeon.com\/index.php\/wp-json\/wp\/v2\/users\/1"}],"replies":[{"embeddable":true,"href":"https:\/\/www.musicadeon.com\/index.php\/wp-json\/wp\/v2\/comments?post=547"}],"version-history":[{"count":0,"href":"https:\/\/www.musicadeon.com\/index.php\/wp-json\/wp\/v2\/posts\/547\/revisions"}],"wp:attachment":[{"href":"https:\/\/www.musicadeon.com\/index.php\/wp-json\/wp\/v2\/media?parent=547"}],"wp:term":[{"taxonomy":"category","embeddable":true,"href":"https:\/\/www.musicadeon.com\/index.php\/wp-json\/wp\/v2\/categories?post=547"},{"taxonomy":"post_tag","embeddable":true,"href":"https:\/\/www.musicadeon.com\/index.php\/wp-json\/wp\/v2\/tags?post=547"}],"curies":[{"name":"wp","href":"https:\/\/api.w.org\/{rel}","templated":true}]}}