{"id":801,"date":"2003-07-06T02:00:00","date_gmt":"2003-07-06T00:00:00","guid":{"rendered":"http:\/\/www.musicadeon.com\/index.php\/2003\/07\/06\/les-festivites-de-lete-2003-a-dinant-belgique\/"},"modified":"2003-07-06T02:00:00","modified_gmt":"2003-07-06T00:00:00","slug":"les-festivites-de-lete-2003-a-dinant-belgique","status":"publish","type":"post","link":"https:\/\/www.musicadeon.com\/index.php\/2003\/07\/06\/les-festivites-de-lete-2003-a-dinant-belgique\/","title":{"rendered":"Les festivit\u00e9s de l&rsquo;\u00e9t\u00e9 2003 \u00e0 Dinant (Belgique)"},"content":{"rendered":"<p><P align=center><IMG src=\"\/A\/N\/D\/dinant2003.jpg\"><\/P><\/p>\n","protected":false},"excerpt":{"rendered":"","protected":false},"author":1,"featured_media":0,"comment_status":"closed","ping_status":"open","sticky":false,"template":"","format":"standard","meta":[],"categories":[3],"tags":[5],"_links":{"self":[{"href":"https:\/\/www.musicadeon.com\/index.php\/wp-json\/wp\/v2\/posts\/801"}],"collection":[{"href":"https:\/\/www.musicadeon.com\/index.php\/wp-json\/wp\/v2\/posts"}],"about":[{"href":"https:\/\/www.musicadeon.com\/index.php\/wp-json\/wp\/v2\/types\/post"}],"author":[{"embeddable":true,"href":"https:\/\/www.musicadeon.com\/index.php\/wp-json\/wp\/v2\/users\/1"}],"replies":[{"embeddable":true,"href":"https:\/\/www.musicadeon.com\/index.php\/wp-json\/wp\/v2\/comments?post=801"}],"version-history":[{"count":0,"href":"https:\/\/www.musicadeon.com\/index.php\/wp-json\/wp\/v2\/posts\/801\/revisions"}],"wp:attachment":[{"href":"https:\/\/www.musicadeon.com\/index.php\/wp-json\/wp\/v2\/media?parent=801"}],"wp:term":[{"taxonomy":"category","embeddable":true,"href":"https:\/\/www.musicadeon.com\/index.php\/wp-json\/wp\/v2\/categories?post=801"},{"taxonomy":"post_tag","embeddable":true,"href":"https:\/\/www.musicadeon.com\/index.php\/wp-json\/wp\/v2\/tags?post=801"}],"curies":[{"name":"wp","href":"https:\/\/api.w.org\/{rel}","templated":true}]}}