{"id":823,"date":"2003-07-18T02:00:00","date_gmt":"2003-07-18T00:00:00","guid":{"rendered":"http:\/\/www.musicadeon.com\/index.php\/2003\/07\/18\/concert-a-marcinelle\/"},"modified":"2003-07-18T02:00:00","modified_gmt":"2003-07-18T00:00:00","slug":"concert-a-marcinelle","status":"publish","type":"post","link":"https:\/\/www.musicadeon.com\/index.php\/2003\/07\/18\/concert-a-marcinelle\/","title":{"rendered":"concert \u00e0 Marcinelle"},"content":{"rendered":"<p><FONT face=\"Geneva, Arial, Helvetica, sans-serif\"><i><b>le Dimanche 27 juillet, les dimanche 3 Aout, vendredi 15,dimanche 24 et dimanche 31 Aout \u00e0 Marcinelle dans l&rsquo;un des plus beau sites le Centre de D\u00e9lassement vous propose des concert sur kiosque unique \u00e0 voir.<\/b><\/i><\/FONT><\/p>\n","protected":false},"excerpt":{"rendered":"<p>le Dimanche 27 juillet, les dimanche 3 Aout, vendredi 15,dimanche 24 et dimanche 31 Aout \u00e0 Marcinelle dans l&rsquo;un des plus beau sites le Centre&#8230;<\/p>\n","protected":false},"author":1,"featured_media":0,"comment_status":"closed","ping_status":"open","sticky":false,"template":"","format":"standard","meta":[],"categories":[3],"tags":[5],"_links":{"self":[{"href":"https:\/\/www.musicadeon.com\/index.php\/wp-json\/wp\/v2\/posts\/823"}],"collection":[{"href":"https:\/\/www.musicadeon.com\/index.php\/wp-json\/wp\/v2\/posts"}],"about":[{"href":"https:\/\/www.musicadeon.com\/index.php\/wp-json\/wp\/v2\/types\/post"}],"author":[{"embeddable":true,"href":"https:\/\/www.musicadeon.com\/index.php\/wp-json\/wp\/v2\/users\/1"}],"replies":[{"embeddable":true,"href":"https:\/\/www.musicadeon.com\/index.php\/wp-json\/wp\/v2\/comments?post=823"}],"version-history":[{"count":0,"href":"https:\/\/www.musicadeon.com\/index.php\/wp-json\/wp\/v2\/posts\/823\/revisions"}],"wp:attachment":[{"href":"https:\/\/www.musicadeon.com\/index.php\/wp-json\/wp\/v2\/media?parent=823"}],"wp:term":[{"taxonomy":"category","embeddable":true,"href":"https:\/\/www.musicadeon.com\/index.php\/wp-json\/wp\/v2\/categories?post=823"},{"taxonomy":"post_tag","embeddable":true,"href":"https:\/\/www.musicadeon.com\/index.php\/wp-json\/wp\/v2\/tags?post=823"}],"curies":[{"name":"wp","href":"https:\/\/api.w.org\/{rel}","templated":true}]}}